{"id":169745,"date":"2021-02-17T15:43:09","date_gmt":"2021-02-17T13:43:09","guid":{"rendered":"http:\/\/107.6.182.27\/es\/?p=169745"},"modified":"2023-01-10T14:30:02","modified_gmt":"2023-01-10T12:30:02","slug":"asghar-khaji-los-paises-garantes-del-proceso-de-astana-rechazan-planes-separatistas-y-el-bloqueo-economico","status":"publish","type":"post","link":"https:\/\/archive.sana.sy\/es\/?p=169745","title":{"rendered":"Asghar Khaji: los pa\u00edses garantes del Proceso de Astan\u00e1 rechazan planes separatistas y el bloqueo econ\u00f3mico"},"content":{"rendered":"<p style=\"text-align: justify;\"><span style=\"color: #800000;\"><strong>Sochi, SANA<\/strong><\/span><\/p>\n<p style=\"text-align: justify;\">Ali Asghar Khaji, el principal asistente del canciller iran\u00ed para asuntos pol\u00edticos especiales y jefe la delegaci\u00f3n iran\u00ed a la 15\u00aa Reuni\u00f3n Internacional sobre Siria de acuerdo a f\u00f3rmula de Astan\u00e1, rechaz\u00f3 las medidas coercitivas unilaterales impuestas a Siria, especialmente su imposici\u00f3n en medio de la propagaci\u00f3n de la pandemia del nuevo Coronavirus.<\/p>\n<p style=\"text-align: justify;\">En una conferencia de prensa en la clausura del encuentro de Sochi, Khaji ratific\u00f3 el rechazo de su pa\u00eds a los planes separatistas y al saqueo de la ocupaci\u00f3n estadounidense al petr\u00f3leo que es un derecho del pueblo sirio.<\/p>\n<p style=\"text-align: justify;\">\u201cLos pa\u00edses garantes del Proceso de Astan\u00e1 (Ir\u00e1n, Rusia y Turqu\u00eda) rechazan las medidas coercitivas unilaterales impuestas a Siria, especialmente ante la propagaci\u00f3n de la epidemia de Corona, y tambi\u00e9n rechazan los planes separatistas\u201d, detall\u00f3.<\/p>\n<p style=\"text-align: justify;\">Tambi\u00e9n enfatizaron, seg\u00fan el funcionario iran\u00ed, la necesidad de alcanzar una soluci\u00f3n pol\u00edtica a la crisis en Siria y de continuar la lucha contra el terrorismo.<\/p>\n<p style=\"text-align: justify;\">Opin\u00f3 que no existe una soluci\u00f3n militar a la crisis en Siria y destac\u00f3 la necesidad de apoyar los esfuerzos para alcanzar una soluci\u00f3n pol\u00edtica y de impulsar la labor del Comit\u00e9 de Debate de la Constituci\u00f3n en Ginebra.<\/p>\n<p style=\"text-align: justify;\">\u201cLos repetidos ataques israel\u00edes contra el territorio sirio representan una amenaza creciente que obstaculiza los esfuerzos para erradicar el terrorismo, y los pa\u00edses garantes coinciden en la necesidad de detener estos ataques\u201d, remarc\u00f3.<\/p>\n<p style=\"text-align: justify;\">En respuesta a una pregunta del corresponsal de SANA sobre la ocupaci\u00f3n de parte de los territorios sirios por parte de Estados Unidos y su continuo apoyo a las milicias separatistas y su saqueo de los recursos nacionales sirios, Khaji reiter\u00f3 la posici\u00f3n de Ir\u00e1n de rechazar cualquier ocupaci\u00f3n.<\/p>\n<p style=\"text-align: justify;\"><em><strong><span style=\"color: #0000ff;\">fm<\/span><\/strong><\/em><\/p>\n","protected":false},"excerpt":{"rendered":"<p>Sochi, SANA Ali Asghar Khaji, el principal asistente del canciller iran\u00ed para asuntos pol\u00edticos especiales y jefe la delegaci\u00f3n iran\u00ed a la 15\u00aa Reuni\u00f3n Internacional sobre Siria de acuerdo a f\u00f3rmula de Astan\u00e1, rechaz\u00f3 las medidas coercitivas unilaterales impuestas a Siria, especialmente su imposici\u00f3n en medio de la propagaci\u00f3n de la pandemia del nuevo Coronavirus. &hellip;<\/p>\n","protected":false},"author":34,"featured_media":169746,"comment_status":"closed","ping_status":"closed","sticky":false,"template":"","format":"standard","meta":{"footnotes":""},"categories":[447,597,476,467,7541],"tags":[],"class_list":["post-169745","post","type-post","status-publish","format-standard","has-post-thumbnail","","category-local-politica","category-cinta-de-noticias","category-locales","category-siria-y-el-mundo","category-ultimas-noticias"],"_links":{"self":[{"href":"https:\/\/archive.sana.sy\/es\/index.php?rest_route=\/wp\/v2\/posts\/169745"}],"collection":[{"href":"https:\/\/archive.sana.sy\/es\/index.php?rest_route=\/wp\/v2\/posts"}],"about":[{"href":"https:\/\/archive.sana.sy\/es\/index.php?rest_route=\/wp\/v2\/types\/post"}],"author":[{"embeddable":true,"href":"https:\/\/archive.sana.sy\/es\/index.php?rest_route=\/wp\/v2\/users\/34"}],"replies":[{"embeddable":true,"href":"https:\/\/archive.sana.sy\/es\/index.php?rest_route=%2Fwp%2Fv2%2Fcomments&post=169745"}],"version-history":[{"count":0,"href":"https:\/\/archive.sana.sy\/es\/index.php?rest_route=\/wp\/v2\/posts\/169745\/revisions"}],"wp:featuredmedia":[{"embeddable":true,"href":"https:\/\/archive.sana.sy\/es\/index.php?rest_route=\/wp\/v2\/media\/169746"}],"wp:attachment":[{"href":"https:\/\/archive.sana.sy\/es\/index.php?rest_route=%2Fwp%2Fv2%2Fmedia&parent=169745"}],"wp:term":[{"taxonomy":"category","embeddable":true,"href":"https:\/\/archive.sana.sy\/es\/index.php?rest_route=%2Fwp%2Fv2%2Fcategories&post=169745"},{"taxonomy":"post_tag","embeddable":true,"href":"https:\/\/archive.sana.sy\/es\/index.php?rest_route=%2Fwp%2Fv2%2Ftags&post=169745"}],"curies":[{"name":"wp","href":"https:\/\/api.w.org\/{rel}","templated":true}]}}