{"id":169755,"date":"2021-02-17T16:51:22","date_gmt":"2021-02-17T14:51:22","guid":{"rendered":"http:\/\/107.6.182.27\/es\/?p=169755"},"modified":"2021-02-17T16:52:43","modified_gmt":"2021-02-17T14:52:43","slug":"ni-el-terrorismo-ni-el-bloqueo-occidental-lograran-socavar-la-voluntad-del-pueblo-sirio-afirma-escritor-checo","status":"publish","type":"post","link":"https:\/\/archive.sana.sy\/es\/?p=169755","title":{"rendered":"Ni el terrorismo ni el bloqueo occidental lograr\u00e1n socavar la voluntad del pueblo sirio, afirma escritor checo"},"content":{"rendered":"<p style=\"text-align: justify\"><span style=\"color: #800000\">Praga, SANA<\/span><\/p>\n<p style=\"text-align: justify\">El escritor checo, Philip Endler, enfatiz\u00f3 que el bloqueo injusto y las medidas econ\u00f3micas coercitivas impuestas por Estados Unidos y Occidente contra el pueblo sirio provocaron el deterioro de las condiciones econ\u00f3micas y sociales en el pa\u00eds.<\/p>\n<p style=\"text-align: justify\">&#8220;Despu\u00e9s de las grandes victorias logradas por el ej\u00e9rcito \u00e1rabe sirio contra el terrorismo, algunos pa\u00edses occidentales impusieron deliberadamente esas sanciones que atentan contra Siria y su pueblo&#8221;, public\u00f3 Endler en un sitio checo.<\/p>\n<p style=\"text-align: justify\">Asever\u00f3 que ni el terrorismo ni esas medidas injustas lograr\u00e1n los objetivos de destruir Siria y socavar la voluntad de su pueblo.<\/p>\n<p style=\"text-align: justify\"><span style=\"color: #0000ff\"><em>fm\/ws\/la<\/em><\/span><\/p>\n","protected":false},"excerpt":{"rendered":"<p>Praga, SANA El escritor checo, Philip Endler, enfatiz\u00f3 que el bloqueo injusto y las medidas econ\u00f3micas coercitivas impuestas por Estados Unidos y Occidente contra el pueblo sirio provocaron el deterioro de las condiciones econ\u00f3micas y sociales en el pa\u00eds. &#8220;Despu\u00e9s de las grandes victorias logradas por el ej\u00e9rcito \u00e1rabe sirio contra el terrorismo, algunos pa\u00edses &hellip;<\/p>\n","protected":false},"author":24,"featured_media":158232,"comment_status":"closed","ping_status":"closed","sticky":false,"template":"","format":"standard","meta":{"footnotes":""},"categories":[597,467],"tags":[],"class_list":["post-169755","post","type-post","status-publish","format-standard","has-post-thumbnail","","category-cinta-de-noticias","category-siria-y-el-mundo"],"_links":{"self":[{"href":"https:\/\/archive.sana.sy\/es\/index.php?rest_route=\/wp\/v2\/posts\/169755"}],"collection":[{"href":"https:\/\/archive.sana.sy\/es\/index.php?rest_route=\/wp\/v2\/posts"}],"about":[{"href":"https:\/\/archive.sana.sy\/es\/index.php?rest_route=\/wp\/v2\/types\/post"}],"author":[{"embeddable":true,"href":"https:\/\/archive.sana.sy\/es\/index.php?rest_route=\/wp\/v2\/users\/24"}],"replies":[{"embeddable":true,"href":"https:\/\/archive.sana.sy\/es\/index.php?rest_route=%2Fwp%2Fv2%2Fcomments&post=169755"}],"version-history":[{"count":0,"href":"https:\/\/archive.sana.sy\/es\/index.php?rest_route=\/wp\/v2\/posts\/169755\/revisions"}],"wp:featuredmedia":[{"embeddable":true,"href":"https:\/\/archive.sana.sy\/es\/index.php?rest_route=\/wp\/v2\/media\/158232"}],"wp:attachment":[{"href":"https:\/\/archive.sana.sy\/es\/index.php?rest_route=%2Fwp%2Fv2%2Fmedia&parent=169755"}],"wp:term":[{"taxonomy":"category","embeddable":true,"href":"https:\/\/archive.sana.sy\/es\/index.php?rest_route=%2Fwp%2Fv2%2Fcategories&post=169755"},{"taxonomy":"post_tag","embeddable":true,"href":"https:\/\/archive.sana.sy\/es\/index.php?rest_route=%2Fwp%2Fv2%2Ftags&post=169755"}],"curies":[{"name":"wp","href":"https:\/\/api.w.org\/{rel}","templated":true}]}}