{"id":169758,"date":"2021-02-17T17:22:40","date_gmt":"2021-02-17T15:22:40","guid":{"rendered":"http:\/\/107.6.182.27\/es\/?p=169758"},"modified":"2021-02-17T17:22:40","modified_gmt":"2021-02-17T15:22:40","slug":"el-terrorismo-en-siria-debe-ser-erradicado-por-completo-asevera-rusia","status":"publish","type":"post","link":"https:\/\/archive.sana.sy\/es\/?p=169758","title":{"rendered":"El terrorismo en Siria debe ser erradicado por completo, asevera Rusia"},"content":{"rendered":"<p style=\"text-align: justify\"><span style=\"color: #800000\">Sochi, SANA<\/span><\/p>\n<p style=\"text-align: justify\">El jefe de la delegaci\u00f3n rusa a la 15\u00aa Reuni\u00f3n Internacional sobre Siria, formato de Astan\u00e1, Alexander Lavrentiev, destac\u00f3 la necesidad de continuar la lucha contra todas las organizaciones terroristas en Siria, incluida \u201cHaya\u00b4at Tahrir al-Sham\u201d, hasta erradicar el terrorismo de todo el territorio sirio.<\/p>\n<p style=\"text-align: justify\">Durante una rueda de prensa celebrada este mi\u00e9rcoles al t\u00e9rmino de la referida cumbre que tuvo lugar en la ciudad rusa Sochi, Lavrentiev resalt\u00f3 la necesidad de centrarse en combatir todas las organizaciones terroristas, no solo &#8220;DAESH&#8221; y \u201cel Frente al-Nusra\u201d o el llamado \u201cHayat Tahrir al-Sham\u201d que algunos pa\u00edses tratan de presentarlo como \u201coposici\u00f3n moderada\u201d.<\/p>\n<p style=\"text-align: justify\">\u201cEste asunto est\u00e1 prohibido y totalmente rechazado. No habr\u00e1 negociaciones o consensos con los terroristas, y el terrorismo en Siria debe ser eliminado por completo\u201d, subray\u00f3.<\/p>\n<p style=\"text-align: justify\">Revel\u00f3 que los terroristas desplegados en Idleb est\u00e1n preparando una nueva operaci\u00f3n de falsa bandera en cooperaci\u00f3n con los terroristas del llamado &#8220;Cascos Blancos&#8221;, donde van a fabricar un incidente de supuesto uso de armas qu\u00edmicas para acusar al Ej\u00e9rcito \u00c1rabe Sirio, por lo tanto, crear un pretexto que justifique cualquier agresi\u00f3n occidental contra el territorio sirio.<\/p>\n<p style=\"text-align: justify\">En otro contexto, destac\u00f3 la necesidad de que la comunidad internacional no ponga obst\u00e1culos ante el regreso de los refugiados sirios a su pa\u00eds, y otorgue la asistencia humanitaria necesaria lejos de la politizaci\u00f3n.<\/p>\n<p style=\"text-align: justify\">Asimismo reiter\u00f3 el rechazo de Mosc\u00fa a la presencia militar ilegal de Estados Unidos en Siria, el saqueo de la riqueza y los recursos sirios por Washington, y tambi\u00e9n repudi\u00f3 las injustas medidas econ\u00f3micas occidentales que impiden que el pueblo sirio tenga acceso a sus necesidades b\u00e1sicas.<\/p>\n<p style=\"text-align: justify\">Con respecto al trabajo del Comit\u00e9 de Discusi\u00f3n de la Constituci\u00f3n siria, Lavrentiev renov\u00f3 el apoyo de su pa\u00eds al trabajo del enviado de la ONU para Siria, Geir Pedersen, y a\u00f1adi\u00f3 que este \u00faltimo continuar\u00e1 durante sus pr\u00f3ximas reuniones en Mosc\u00fa y Damasco las conversaciones encaminadas a dar con mecanismos para impulsar la labor de este comit\u00e9.<\/p>\n<p><span style=\"color: #0000ff\"><strong><em>la<\/em><\/strong><\/span><\/p>\n","protected":false},"excerpt":{"rendered":"<p>Sochi, SANA El jefe de la delegaci\u00f3n rusa a la 15\u00aa Reuni\u00f3n Internacional sobre Siria, formato de Astan\u00e1, Alexander Lavrentiev, destac\u00f3 la necesidad de continuar la lucha contra todas las organizaciones terroristas en Siria, incluida \u201cHaya\u00b4at Tahrir al-Sham\u201d, hasta erradicar el terrorismo de todo el territorio sirio. Durante una rueda de prensa celebrada este mi\u00e9rcoles &hellip;<\/p>\n","protected":false},"author":24,"featured_media":169760,"comment_status":"closed","ping_status":"closed","sticky":false,"template":"","format":"standard","meta":{"footnotes":""},"categories":[597,467,7541],"tags":[],"class_list":["post-169758","post","type-post","status-publish","format-standard","has-post-thumbnail","","category-cinta-de-noticias","category-siria-y-el-mundo","category-ultimas-noticias"],"_links":{"self":[{"href":"https:\/\/archive.sana.sy\/es\/index.php?rest_route=\/wp\/v2\/posts\/169758"}],"collection":[{"href":"https:\/\/archive.sana.sy\/es\/index.php?rest_route=\/wp\/v2\/posts"}],"about":[{"href":"https:\/\/archive.sana.sy\/es\/index.php?rest_route=\/wp\/v2\/types\/post"}],"author":[{"embeddable":true,"href":"https:\/\/archive.sana.sy\/es\/index.php?rest_route=\/wp\/v2\/users\/24"}],"replies":[{"embeddable":true,"href":"https:\/\/archive.sana.sy\/es\/index.php?rest_route=%2Fwp%2Fv2%2Fcomments&post=169758"}],"version-history":[{"count":0,"href":"https:\/\/archive.sana.sy\/es\/index.php?rest_route=\/wp\/v2\/posts\/169758\/revisions"}],"wp:featuredmedia":[{"embeddable":true,"href":"https:\/\/archive.sana.sy\/es\/index.php?rest_route=\/wp\/v2\/media\/169760"}],"wp:attachment":[{"href":"https:\/\/archive.sana.sy\/es\/index.php?rest_route=%2Fwp%2Fv2%2Fmedia&parent=169758"}],"wp:term":[{"taxonomy":"category","embeddable":true,"href":"https:\/\/archive.sana.sy\/es\/index.php?rest_route=%2Fwp%2Fv2%2Fcategories&post=169758"},{"taxonomy":"post_tag","embeddable":true,"href":"https:\/\/archive.sana.sy\/es\/index.php?rest_route=%2Fwp%2Fv2%2Ftags&post=169758"}],"curies":[{"name":"wp","href":"https:\/\/api.w.org\/{rel}","templated":true}]}}