{"id":169762,"date":"2021-02-17T17:39:20","date_gmt":"2021-02-17T15:39:20","guid":{"rendered":"http:\/\/107.6.182.27\/es\/?p=169762"},"modified":"2023-01-10T14:30:01","modified_gmt":"2023-01-10T12:30:01","slug":"fuerzas-del-regimen-turco-vuelven-a-bombardear-cercanias-de-la-ciudad-de-ain-isa-en-el-noreste-sirio","status":"publish","type":"post","link":"https:\/\/archive.sana.sy\/es\/?p=169762","title":{"rendered":"Fuerzas del r\u00e9gimen turco vuelven a bombardear cercan\u00edas de la ciudad de Ain Isa en el noreste sirio"},"content":{"rendered":"<p style=\"text-align: justify\"><span style=\"color: #800000\">Raqa, SANA<\/span><\/p>\n<p style=\"text-align: justify\">El ocupante turco y sus mercenarios renovaron este mi\u00e9rcoles sus bombardeos contra las cercan\u00edas de la ciudad de Ain Isa y la carretera internacional en la provincia nororiental de Raqa.<\/p>\n<p style=\"text-align: justify\">Activistas locales revelaron que las fuerzas ocupantes del r\u00e9gimen turco y sus terroristas atacaron con la artiller\u00eda \u00e1reas residenciales en las cercan\u00edas de Ain Isa y la carretera internacional M4 en el norte de Raqa, hecho que provoc\u00f3 da\u00f1os materiales en las propiedades privadas y en algunas instalaciones p\u00fablicas de servicio.<\/p>\n<p style=\"text-align: justify\">El domingo pasado, grupos mercenarios proturcos atacaron la periferia de la ciudad de Ain Isa, causando afectaciones materiales en la infraestructura y algunas tierras agr\u00edcolas.<\/p>\n<p style=\"text-align: justify\">\n<span style=\"color: #0000ff\"><strong><em>la<\/em><\/strong><\/span><\/p>\n","protected":false},"excerpt":{"rendered":"<p>Raqa, SANA El ocupante turco y sus mercenarios renovaron este mi\u00e9rcoles sus bombardeos contra las cercan\u00edas de la ciudad de Ain Isa y la carretera internacional en la provincia nororiental de Raqa. Activistas locales revelaron que las fuerzas ocupantes del r\u00e9gimen turco y sus terroristas atacaron con la artiller\u00eda \u00e1reas residenciales en las cercan\u00edas de &hellip;<\/p>\n","protected":false},"author":24,"featured_media":168429,"comment_status":"closed","ping_status":"closed","sticky":false,"template":"","format":"standard","meta":{"footnotes":""},"categories":[447,597,573,7541],"tags":[],"class_list":["post-169762","post","type-post","status-publish","format-standard","has-post-thumbnail","","category-local-politica","category-cinta-de-noticias","category-la-realidad-de-los-acontecimientos-en-siria","category-ultimas-noticias"],"_links":{"self":[{"href":"https:\/\/archive.sana.sy\/es\/index.php?rest_route=\/wp\/v2\/posts\/169762"}],"collection":[{"href":"https:\/\/archive.sana.sy\/es\/index.php?rest_route=\/wp\/v2\/posts"}],"about":[{"href":"https:\/\/archive.sana.sy\/es\/index.php?rest_route=\/wp\/v2\/types\/post"}],"author":[{"embeddable":true,"href":"https:\/\/archive.sana.sy\/es\/index.php?rest_route=\/wp\/v2\/users\/24"}],"replies":[{"embeddable":true,"href":"https:\/\/archive.sana.sy\/es\/index.php?rest_route=%2Fwp%2Fv2%2Fcomments&post=169762"}],"version-history":[{"count":0,"href":"https:\/\/archive.sana.sy\/es\/index.php?rest_route=\/wp\/v2\/posts\/169762\/revisions"}],"wp:featuredmedia":[{"embeddable":true,"href":"https:\/\/archive.sana.sy\/es\/index.php?rest_route=\/wp\/v2\/media\/168429"}],"wp:attachment":[{"href":"https:\/\/archive.sana.sy\/es\/index.php?rest_route=%2Fwp%2Fv2%2Fmedia&parent=169762"}],"wp:term":[{"taxonomy":"category","embeddable":true,"href":"https:\/\/archive.sana.sy\/es\/index.php?rest_route=%2Fwp%2Fv2%2Fcategories&post=169762"},{"taxonomy":"post_tag","embeddable":true,"href":"https:\/\/archive.sana.sy\/es\/index.php?rest_route=%2Fwp%2Fv2%2Ftags&post=169762"}],"curies":[{"name":"wp","href":"https:\/\/api.w.org\/{rel}","templated":true}]}}