{"id":169814,"date":"2021-02-18T06:50:41","date_gmt":"2021-02-18T04:50:41","guid":{"rendered":"http:\/\/107.6.182.27\/es\/?p=169814"},"modified":"2023-01-12T14:41:58","modified_gmt":"2023-01-12T12:41:58","slug":"incrementan-ataques-contra-convoyes-de-ee-uu-en-iraq","status":"publish","type":"post","link":"https:\/\/archive.sana.sy\/es\/?p=169814","title":{"rendered":"Incrementan ataques contra convoyes de EE.UU en Iraq"},"content":{"rendered":"<p style=\"text-align: justify;\"><strong><span style=\"color: #800000;\">Bagdad, SANA<\/span><\/strong><\/p>\n<p style=\"text-align: justify;\">Incrementaron recientemente los ataques contra los convoyes y objetivos militares de la Coalici\u00f3n Internacional dirigida por Estados Unidos en Iraq.<\/p>\n<p style=\"text-align: justify;\">En las recientes horas, un artefacto explosivo estall\u00f3 contra un convoy de las fuerzas de la referida Coalici\u00f3n en sureste de la capital iraqu\u00ed, Bagdad.<\/p>\n<p style=\"text-align: justify;\">&#8220;Una bomba explot\u00f3 contra una columna de apoyo log\u00edstico de la Coalici\u00f3n en la carretera Nassiriya sin causas heridos&#8221;, cit\u00f3 el portal de noticias Al-Sumaria a una fuente de seguridad iraqu\u00ed.<\/p>\n<p style=\"text-align: justify;\">El mes pasado, una carga explosiva estall\u00f3 al paso de una caravana de las fuerzas de la llamada \u201ccoalici\u00f3n internacional\u201d lideradas por Estados Unidos, en la provincia de Babel.<\/p>\n<p style=\"text-align: justify;\"><strong><span style=\"color: #0000ff;\">ed\/fm<\/span><\/strong><\/p>\n","protected":false},"excerpt":{"rendered":"<p>Bagdad, SANA Incrementaron recientemente los ataques contra los convoyes y objetivos militares de la Coalici\u00f3n Internacional dirigida por Estados Unidos en Iraq. En las recientes horas, un artefacto explosivo estall\u00f3 contra un convoy de las fuerzas de la referida Coalici\u00f3n en sureste de la capital iraqu\u00ed, Bagdad. &#8220;Una bomba explot\u00f3 contra una columna de apoyo &hellip;<\/p>\n","protected":false},"author":32,"featured_media":169815,"comment_status":"closed","ping_status":"closed","sticky":false,"template":"","format":"standard","meta":{"footnotes":""},"categories":[597,456,7541],"tags":[],"class_list":["post-169814","post","type-post","status-publish","format-standard","has-post-thumbnail","","category-cinta-de-noticias","category-arabe-internacional-politica","category-ultimas-noticias"],"_links":{"self":[{"href":"https:\/\/archive.sana.sy\/es\/index.php?rest_route=\/wp\/v2\/posts\/169814"}],"collection":[{"href":"https:\/\/archive.sana.sy\/es\/index.php?rest_route=\/wp\/v2\/posts"}],"about":[{"href":"https:\/\/archive.sana.sy\/es\/index.php?rest_route=\/wp\/v2\/types\/post"}],"author":[{"embeddable":true,"href":"https:\/\/archive.sana.sy\/es\/index.php?rest_route=\/wp\/v2\/users\/32"}],"replies":[{"embeddable":true,"href":"https:\/\/archive.sana.sy\/es\/index.php?rest_route=%2Fwp%2Fv2%2Fcomments&post=169814"}],"version-history":[{"count":0,"href":"https:\/\/archive.sana.sy\/es\/index.php?rest_route=\/wp\/v2\/posts\/169814\/revisions"}],"wp:featuredmedia":[{"embeddable":true,"href":"https:\/\/archive.sana.sy\/es\/index.php?rest_route=\/wp\/v2\/media\/169815"}],"wp:attachment":[{"href":"https:\/\/archive.sana.sy\/es\/index.php?rest_route=%2Fwp%2Fv2%2Fmedia&parent=169814"}],"wp:term":[{"taxonomy":"category","embeddable":true,"href":"https:\/\/archive.sana.sy\/es\/index.php?rest_route=%2Fwp%2Fv2%2Fcategories&post=169814"},{"taxonomy":"post_tag","embeddable":true,"href":"https:\/\/archive.sana.sy\/es\/index.php?rest_route=%2Fwp%2Fv2%2Ftags&post=169814"}],"curies":[{"name":"wp","href":"https:\/\/api.w.org\/{rel}","templated":true}]}}