{"id":169817,"date":"2021-02-18T06:49:09","date_gmt":"2021-02-18T04:49:09","guid":{"rendered":"http:\/\/107.6.182.27\/es\/?p=169817"},"modified":"2023-01-12T14:41:58","modified_gmt":"2023-01-12T12:41:58","slug":"ataque-del-daesh-mata-a-un-combatiente-de-la-fuerza-popular-iraqui","status":"publish","type":"post","link":"https:\/\/archive.sana.sy\/es\/?p=169817","title":{"rendered":"Ataque del Daesh mata a un combatiente de la Fuerza Popular iraqu\u00ed"},"content":{"rendered":"<p style=\"text-align: justify;\"><strong><span style=\"color: #800000;\">Bagdad, SANA<\/span><\/strong><\/p>\n<p style=\"text-align: justify;\">Un integrante de las Fuerzas de Movilizaci\u00f3n Popular Iraqu\u00edes muri\u00f3 y otros dos resultaron heridos en un ataque perpetrado por los terroristas del Daesh en la provincia nororiental de Diyala.<\/p>\n<p style=\"text-align: justify;\">El portal de noticias Alsumaria News cit\u00f3 a una fuente de seguridad iraqu\u00ed diciendo que &#8220;un combatiente de esa Fuerza Popular perdi\u00f3 su vida y dos resultaron heridos mientras se repelaba un ataque del Daesh y durante enfrentamientos en el \u00e1rea de Dakat en el distrito de Khanaqin.<\/p>\n<p style=\"text-align: justify;\">Asimismo, las tropas iraqu\u00edes arrestaron a un terrorista de Daesh en la gobernaci\u00f3n de N\u00ednive, en el norte del pa\u00eds, mientras contin\u00faan sus operaciones militares en varias \u00e1reas para perseguir a los remanentes de los terroristas.<\/p>\n<p style=\"text-align: justify;\"><strong><span style=\"color: #0000ff;\">ed\/fm<\/span><\/strong><\/p>\n","protected":false},"excerpt":{"rendered":"<p>Bagdad, SANA Un integrante de las Fuerzas de Movilizaci\u00f3n Popular Iraqu\u00edes muri\u00f3 y otros dos resultaron heridos en un ataque perpetrado por los terroristas del Daesh en la provincia nororiental de Diyala. El portal de noticias Alsumaria News cit\u00f3 a una fuente de seguridad iraqu\u00ed diciendo que &#8220;un combatiente de esa Fuerza Popular perdi\u00f3 su &hellip;<\/p>\n","protected":false},"author":32,"featured_media":169818,"comment_status":"closed","ping_status":"closed","sticky":false,"template":"","format":"standard","meta":{"footnotes":""},"categories":[597,456,7541],"tags":[],"class_list":["post-169817","post","type-post","status-publish","format-standard","has-post-thumbnail","","category-cinta-de-noticias","category-arabe-internacional-politica","category-ultimas-noticias"],"_links":{"self":[{"href":"https:\/\/archive.sana.sy\/es\/index.php?rest_route=\/wp\/v2\/posts\/169817"}],"collection":[{"href":"https:\/\/archive.sana.sy\/es\/index.php?rest_route=\/wp\/v2\/posts"}],"about":[{"href":"https:\/\/archive.sana.sy\/es\/index.php?rest_route=\/wp\/v2\/types\/post"}],"author":[{"embeddable":true,"href":"https:\/\/archive.sana.sy\/es\/index.php?rest_route=\/wp\/v2\/users\/32"}],"replies":[{"embeddable":true,"href":"https:\/\/archive.sana.sy\/es\/index.php?rest_route=%2Fwp%2Fv2%2Fcomments&post=169817"}],"version-history":[{"count":0,"href":"https:\/\/archive.sana.sy\/es\/index.php?rest_route=\/wp\/v2\/posts\/169817\/revisions"}],"wp:featuredmedia":[{"embeddable":true,"href":"https:\/\/archive.sana.sy\/es\/index.php?rest_route=\/wp\/v2\/media\/169818"}],"wp:attachment":[{"href":"https:\/\/archive.sana.sy\/es\/index.php?rest_route=%2Fwp%2Fv2%2Fmedia&parent=169817"}],"wp:term":[{"taxonomy":"category","embeddable":true,"href":"https:\/\/archive.sana.sy\/es\/index.php?rest_route=%2Fwp%2Fv2%2Fcategories&post=169817"},{"taxonomy":"post_tag","embeddable":true,"href":"https:\/\/archive.sana.sy\/es\/index.php?rest_route=%2Fwp%2Fv2%2Ftags&post=169817"}],"curies":[{"name":"wp","href":"https:\/\/api.w.org\/{rel}","templated":true}]}}