{"id":169883,"date":"2021-02-18T16:45:38","date_gmt":"2021-02-18T14:45:38","guid":{"rendered":"http:\/\/107.6.182.27\/es\/?p=169883"},"modified":"2023-01-09T14:07:56","modified_gmt":"2023-01-09T12:07:56","slug":"despues-de-su-rehabilitacion-centro-medico-en-deir-ezzor-ofrece-servicios-medicos-integrales","status":"publish","type":"post","link":"https:\/\/archive.sana.sy\/es\/?p=169883","title":{"rendered":"Despu\u00e9s de su rehabilitaci\u00f3n, centro m\u00e9dico en Deir Ezzor ofrece servicios m\u00e9dicos integrales"},"content":{"rendered":"<p style=\"text-align: justify;\"><span style=\"color: #800000;\"><strong>Deir Ezzor, SANA<\/strong><\/span><\/p>\n<p style=\"text-align: justify;\">El centro de salud en el municipio de Al-Mayadin, en el campo oriental de la provincia de Deir Ezzor, reanud\u00f3 la prestaci\u00f3n de servicios m\u00e9dicos a la poblaci\u00f3n despu\u00e9s de rehabilitarlo por el gobierno sirio en cooperaci\u00f3n con organismos internacionales.<\/p>\n<p style=\"text-align: justify;\">Al centro, considerado como un mini hospital que funciona las 24 horas, se le ha dotado todo lo necesario de equipos, medicamentos, personal cualificado, vacunas, un veh\u00edculo quir\u00fargico m\u00f3vil y ambulancias para brindar diversos servicios de salud.<\/p>\n<p style=\"text-align: justify;\">De igual manera, se est\u00e1 trabajando para rehabilitar una serie de otras instalaciones de salud que han sido afectadas por el terrorismo en el \u00e1rea de Al-Mayadeen, y en toda la provincia en general.<\/p>\n<p style=\"text-align: justify;\"><strong><span style=\"color: #0000ff;\">fm\/ed<\/span><\/strong><\/p>\n<div id='gallery-1' class='gallery galleryid-169883 gallery-columns-1 gallery-size-full'><figure class='gallery-item'>\n\t\t\t<div class='gallery-icon landscape'>\n\t\t\t\t<a href='https:\/\/archive.sana.sy\/es\/wp-content\/uploads\/2021\/02\/5-149.jpg'><img loading=\"lazy\" decoding=\"async\" width=\"660\" height=\"364\" src=\"https:\/\/archive.sana.sy\/es\/wp-content\/uploads\/2021\/02\/5-149.jpg\" class=\"attachment-full size-full\" alt=\"\" srcset=\"https:\/\/archive.sana.sy\/es\/wp-content\/uploads\/2021\/02\/5-149.jpg 660w, https:\/\/archive.sana.sy\/es\/wp-content\/uploads\/2021\/02\/5-149-300x165.jpg 300w, https:\/\/archive.sana.sy\/es\/wp-content\/uploads\/2021\/02\/5-149-150x83.jpg 150w\" sizes=\"(max-width: 660px) 100vw, 660px\" \/><\/a>\n\t\t\t<\/div><\/figure><figure class='gallery-item'>\n\t\t\t<div class='gallery-icon landscape'>\n\t\t\t\t<a href='https:\/\/archive.sana.sy\/es\/wp-content\/uploads\/2021\/02\/0-107-660x330-2.jpg'><img loading=\"lazy\" decoding=\"async\" width=\"660\" height=\"330\" src=\"https:\/\/archive.sana.sy\/es\/wp-content\/uploads\/2021\/02\/0-107-660x330-2.jpg\" class=\"attachment-full size-full\" alt=\"\" srcset=\"https:\/\/archive.sana.sy\/es\/wp-content\/uploads\/2021\/02\/0-107-660x330-2.jpg 660w, https:\/\/archive.sana.sy\/es\/wp-content\/uploads\/2021\/02\/0-107-660x330-2-300x150.jpg 300w, https:\/\/archive.sana.sy\/es\/wp-content\/uploads\/2021\/02\/0-107-660x330-2-150x75.jpg 150w\" sizes=\"(max-width: 660px) 100vw, 660px\" \/><\/a>\n\t\t\t<\/div><\/figure><figure class='gallery-item'>\n\t\t\t<div class='gallery-icon landscape'>\n\t\t\t\t<a href='https:\/\/archive.sana.sy\/es\/wp-content\/uploads\/2021\/02\/3-194.jpg'><img loading=\"lazy\" decoding=\"async\" width=\"660\" height=\"380\" src=\"https:\/\/archive.sana.sy\/es\/wp-content\/uploads\/2021\/02\/3-194.jpg\" class=\"attachment-full size-full\" alt=\"\" srcset=\"https:\/\/archive.sana.sy\/es\/wp-content\/uploads\/2021\/02\/3-194.jpg 660w, https:\/\/archive.sana.sy\/es\/wp-content\/uploads\/2021\/02\/3-194-300x173.jpg 300w, https:\/\/archive.sana.sy\/es\/wp-content\/uploads\/2021\/02\/3-194-150x86.jpg 150w\" sizes=\"(max-width: 660px) 100vw, 660px\" \/><\/a>\n\t\t\t<\/div><\/figure><figure class='gallery-item'>\n\t\t\t<div class='gallery-icon landscape'>\n\t\t\t\t<a href='https:\/\/archive.sana.sy\/es\/wp-content\/uploads\/2021\/02\/4-167-1.jpg'><img loading=\"lazy\" decoding=\"async\" width=\"660\" height=\"371\" src=\"https:\/\/archive.sana.sy\/es\/wp-content\/uploads\/2021\/02\/4-167-1.jpg\" class=\"attachment-full size-full\" alt=\"\" srcset=\"https:\/\/archive.sana.sy\/es\/wp-content\/uploads\/2021\/02\/4-167-1.jpg 660w, https:\/\/archive.sana.sy\/es\/wp-content\/uploads\/2021\/02\/4-167-1-300x169.jpg 300w, https:\/\/archive.sana.sy\/es\/wp-content\/uploads\/2021\/02\/4-167-1-150x84.jpg 150w\" sizes=\"(max-width: 660px) 100vw, 660px\" \/><\/a>\n\t\t\t<\/div><\/figure><figure class='gallery-item'>\n\t\t\t<div class='gallery-icon landscape'>\n\t\t\t\t<a href='https:\/\/archive.sana.sy\/es\/wp-content\/uploads\/2021\/02\/Centro.jpg'><img loading=\"lazy\" decoding=\"async\" width=\"660\" height=\"403\" src=\"https:\/\/archive.sana.sy\/es\/wp-content\/uploads\/2021\/02\/Centro.jpg\" class=\"attachment-full size-full\" alt=\"\" srcset=\"https:\/\/archive.sana.sy\/es\/wp-content\/uploads\/2021\/02\/Centro.jpg 660w, https:\/\/archive.sana.sy\/es\/wp-content\/uploads\/2021\/02\/Centro-300x183.jpg 300w, https:\/\/archive.sana.sy\/es\/wp-content\/uploads\/2021\/02\/Centro-150x92.jpg 150w\" sizes=\"(max-width: 660px) 100vw, 660px\" \/><\/a>\n\t\t\t<\/div><\/figure>\n\t\t<\/div>\n\n<p>&nbsp;<\/p>\n","protected":false},"excerpt":{"rendered":"<p>Deir Ezzor, SANA El centro de salud en el municipio de Al-Mayadin, en el campo oriental de la provincia de Deir Ezzor, reanud\u00f3 la prestaci\u00f3n de servicios m\u00e9dicos a la poblaci\u00f3n despu\u00e9s de rehabilitarlo por el gobierno sirio en cooperaci\u00f3n con organismos internacionales. Al centro, considerado como un mini hospital que funciona las 24 horas, &hellip;<\/p>\n","protected":false},"author":32,"featured_media":169884,"comment_status":"closed","ping_status":"closed","sticky":false,"template":"","format":"standard","meta":{"footnotes":""},"categories":[477,597,476,7541],"tags":[],"class_list":["post-169883","post","type-post","status-publish","format-standard","has-post-thumbnail","","category-noticias-edulcorantes","category-cinta-de-noticias","category-locales","category-ultimas-noticias"],"_links":{"self":[{"href":"https:\/\/archive.sana.sy\/es\/index.php?rest_route=\/wp\/v2\/posts\/169883"}],"collection":[{"href":"https:\/\/archive.sana.sy\/es\/index.php?rest_route=\/wp\/v2\/posts"}],"about":[{"href":"https:\/\/archive.sana.sy\/es\/index.php?rest_route=\/wp\/v2\/types\/post"}],"author":[{"embeddable":true,"href":"https:\/\/archive.sana.sy\/es\/index.php?rest_route=\/wp\/v2\/users\/32"}],"replies":[{"embeddable":true,"href":"https:\/\/archive.sana.sy\/es\/index.php?rest_route=%2Fwp%2Fv2%2Fcomments&post=169883"}],"version-history":[{"count":0,"href":"https:\/\/archive.sana.sy\/es\/index.php?rest_route=\/wp\/v2\/posts\/169883\/revisions"}],"wp:featuredmedia":[{"embeddable":true,"href":"https:\/\/archive.sana.sy\/es\/index.php?rest_route=\/wp\/v2\/media\/169884"}],"wp:attachment":[{"href":"https:\/\/archive.sana.sy\/es\/index.php?rest_route=%2Fwp%2Fv2%2Fmedia&parent=169883"}],"wp:term":[{"taxonomy":"category","embeddable":true,"href":"https:\/\/archive.sana.sy\/es\/index.php?rest_route=%2Fwp%2Fv2%2Fcategories&post=169883"},{"taxonomy":"post_tag","embeddable":true,"href":"https:\/\/archive.sana.sy\/es\/index.php?rest_route=%2Fwp%2Fv2%2Ftags&post=169883"}],"curies":[{"name":"wp","href":"https:\/\/api.w.org\/{rel}","templated":true}]}}