{"id":169891,"date":"2021-02-18T17:03:12","date_gmt":"2021-02-18T15:03:12","guid":{"rendered":"http:\/\/107.6.182.27\/es\/?p=169891"},"modified":"2023-01-12T14:41:58","modified_gmt":"2023-01-12T12:41:58","slug":"fuerzas-iraquies-arrestan-a-cuatro-terroristas-del-daesh","status":"publish","type":"post","link":"https:\/\/archive.sana.sy\/es\/?p=169891","title":{"rendered":"Fuerzas iraqu\u00edes arrestan a cuatro terroristas del Daesh"},"content":{"rendered":"<p style=\"text-align: justify;\"><strong><span style=\"color: #800000;\">Bagdad, SANA<\/span><\/strong><\/p>\n<p style=\"text-align: justify;\">Las fuerzas iraqu\u00edes arrestaron, en una operaci\u00f3n antiterrorista, a cuatro miembros de la organizaci\u00f3n terrorista del Estado Isl\u00e1mico (Daesh, en \u00e1rabe) en las gobernaciones de Anbar y Salah al-Din.<\/p>\n<p style=\"text-align: justify;\">El portavoz del Comandante en Jefe de las Fuerzas Armadas Iraqu\u00edes, Yahya Rasoul, dijo que la operaci\u00f3n se bas\u00f3 en informaci\u00f3n precisa de inteligencia.<\/p>\n<p style=\"text-align: justify;\">De igual manera, las tropas iraqu\u00edes contin\u00faan sus operaciones militares en varias regiones para perseguir a los terroristas.<\/p>\n<p style=\"text-align: justify;\"><strong><span style=\"color: #0000ff;\">fm\/ed<\/span><\/strong><\/p>\n","protected":false},"excerpt":{"rendered":"<p>Bagdad, SANA Las fuerzas iraqu\u00edes arrestaron, en una operaci\u00f3n antiterrorista, a cuatro miembros de la organizaci\u00f3n terrorista del Estado Isl\u00e1mico (Daesh, en \u00e1rabe) en las gobernaciones de Anbar y Salah al-Din. El portavoz del Comandante en Jefe de las Fuerzas Armadas Iraqu\u00edes, Yahya Rasoul, dijo que la operaci\u00f3n se bas\u00f3 en informaci\u00f3n precisa de inteligencia. &hellip;<\/p>\n","protected":false},"author":32,"featured_media":169892,"comment_status":"closed","ping_status":"closed","sticky":false,"template":"","format":"standard","meta":{"footnotes":""},"categories":[597,456],"tags":[],"class_list":["post-169891","post","type-post","status-publish","format-standard","has-post-thumbnail","","category-cinta-de-noticias","category-arabe-internacional-politica"],"_links":{"self":[{"href":"https:\/\/archive.sana.sy\/es\/index.php?rest_route=\/wp\/v2\/posts\/169891"}],"collection":[{"href":"https:\/\/archive.sana.sy\/es\/index.php?rest_route=\/wp\/v2\/posts"}],"about":[{"href":"https:\/\/archive.sana.sy\/es\/index.php?rest_route=\/wp\/v2\/types\/post"}],"author":[{"embeddable":true,"href":"https:\/\/archive.sana.sy\/es\/index.php?rest_route=\/wp\/v2\/users\/32"}],"replies":[{"embeddable":true,"href":"https:\/\/archive.sana.sy\/es\/index.php?rest_route=%2Fwp%2Fv2%2Fcomments&post=169891"}],"version-history":[{"count":0,"href":"https:\/\/archive.sana.sy\/es\/index.php?rest_route=\/wp\/v2\/posts\/169891\/revisions"}],"wp:featuredmedia":[{"embeddable":true,"href":"https:\/\/archive.sana.sy\/es\/index.php?rest_route=\/wp\/v2\/media\/169892"}],"wp:attachment":[{"href":"https:\/\/archive.sana.sy\/es\/index.php?rest_route=%2Fwp%2Fv2%2Fmedia&parent=169891"}],"wp:term":[{"taxonomy":"category","embeddable":true,"href":"https:\/\/archive.sana.sy\/es\/index.php?rest_route=%2Fwp%2Fv2%2Fcategories&post=169891"},{"taxonomy":"post_tag","embeddable":true,"href":"https:\/\/archive.sana.sy\/es\/index.php?rest_route=%2Fwp%2Fv2%2Ftags&post=169891"}],"curies":[{"name":"wp","href":"https:\/\/api.w.org\/{rel}","templated":true}]}}