{"id":169934,"date":"2021-02-19T15:20:01","date_gmt":"2021-02-19T13:20:01","guid":{"rendered":"http:\/\/107.6.182.27\/es\/?p=169934"},"modified":"2021-02-19T15:23:50","modified_gmt":"2021-02-19T13:23:50","slug":"vershinin-y-pedersen-la-actual-situacion-en-siria","status":"publish","type":"post","link":"https:\/\/archive.sana.sy\/es\/?p=169934","title":{"rendered":"Vershinin y Pedersen debaten la actual situaci\u00f3n en Siria"},"content":{"rendered":"<p><span style=\"color: #800000;\">Mosc\u00fa, SANA<\/span><\/p>\n<p style=\"text-align: justify;\">El viceministro de Relaciones Exteriores de Rusia, Sergey Vershinin, discuti\u00f3 con el enviado especial del secretario general de la ONU para Siria, Geir Pedersen, la situaci\u00f3n en Siria.<\/p>\n<p style=\"text-align: justify;\">&#8220;Las dos partes discutieron detalladamente la actual situaci\u00f3n en Siria en el marco del avance del proceso pol\u00edtico dirigido e implementado por los propios sirios con la ayuda de las Naciones Unidas y seg\u00fan lo estipulado en la Resoluci\u00f3n 2254 del Consejo de Seguridad de la ONU&#8221;, comunic\u00f3 la Canciller\u00eda de Rusia por medio de un comunicado.<\/p>\n<p style=\"text-align: justify;\">Anteriormente, el ministerio de Relaciones Exteriores de Rusia dijo que el ministro Serguei Lavrov debati\u00f3 con Geir Pedersen las evoluciones de la situaci\u00f3n en Siria.<\/p>\n<p style=\"text-align: justify;\">Seg\u00fan la nota del Ministerio, durante el encuentro se puso \u00e9nfasis en la inexistencia de una alternativa a la soluci\u00f3n pol\u00edtica a la crisis en Siria en marco de un proceso que sea liderado y efectuado por los sirios mismos en base de la resoluci\u00f3n del Consejo de Seguridad No. 2254.<\/p>\n<p style=\"text-align: justify;\">La parte rusa expres\u00f3 su apoyo al llamado del secretario general de Naciones Unidas a aliviar las medidas coercitivas unilaterales a ra\u00edz de la propagaci\u00f3n de la pandemia del coronavirus, las cuales fueron impuestas propasando las facultades del Consejo de Seguridad Internacional.<\/p>\n<p style=\"text-align: justify;\">En la declaraci\u00f3n final del 15\u00ba Encuentro Internacional en la f\u00f3rmula de Astan\u00e1 los pa\u00edses garantes reiteraron su fuerte compromiso con la soberan\u00eda, unidad e integridad del territorio sirio y el fin del terrorismo.<\/p>\n<p><em>mm<\/em><\/p>\n","protected":false},"excerpt":{"rendered":"<p>Mosc\u00fa, SANA El viceministro de Relaciones Exteriores de Rusia, Sergey Vershinin, discuti\u00f3 con el enviado especial del secretario general de la ONU para Siria, Geir Pedersen, la situaci\u00f3n en Siria. &#8220;Las dos partes discutieron detalladamente la actual situaci\u00f3n en Siria en el marco del avance del proceso pol\u00edtico dirigido e implementado por los propios sirios &hellip;<\/p>\n","protected":false},"author":36,"featured_media":169935,"comment_status":"closed","ping_status":"closed","sticky":false,"template":"","format":"standard","meta":{"footnotes":""},"categories":[597,467,7541],"tags":[],"class_list":["post-169934","post","type-post","status-publish","format-standard","has-post-thumbnail","","category-cinta-de-noticias","category-siria-y-el-mundo","category-ultimas-noticias"],"_links":{"self":[{"href":"https:\/\/archive.sana.sy\/es\/index.php?rest_route=\/wp\/v2\/posts\/169934"}],"collection":[{"href":"https:\/\/archive.sana.sy\/es\/index.php?rest_route=\/wp\/v2\/posts"}],"about":[{"href":"https:\/\/archive.sana.sy\/es\/index.php?rest_route=\/wp\/v2\/types\/post"}],"author":[{"embeddable":true,"href":"https:\/\/archive.sana.sy\/es\/index.php?rest_route=\/wp\/v2\/users\/36"}],"replies":[{"embeddable":true,"href":"https:\/\/archive.sana.sy\/es\/index.php?rest_route=%2Fwp%2Fv2%2Fcomments&post=169934"}],"version-history":[{"count":0,"href":"https:\/\/archive.sana.sy\/es\/index.php?rest_route=\/wp\/v2\/posts\/169934\/revisions"}],"wp:featuredmedia":[{"embeddable":true,"href":"https:\/\/archive.sana.sy\/es\/index.php?rest_route=\/wp\/v2\/media\/169935"}],"wp:attachment":[{"href":"https:\/\/archive.sana.sy\/es\/index.php?rest_route=%2Fwp%2Fv2%2Fmedia&parent=169934"}],"wp:term":[{"taxonomy":"category","embeddable":true,"href":"https:\/\/archive.sana.sy\/es\/index.php?rest_route=%2Fwp%2Fv2%2Fcategories&post=169934"},{"taxonomy":"post_tag","embeddable":true,"href":"https:\/\/archive.sana.sy\/es\/index.php?rest_route=%2Fwp%2Fv2%2Ftags&post=169934"}],"curies":[{"name":"wp","href":"https:\/\/api.w.org\/{rel}","templated":true}]}}