{"id":16999,"date":"2015-01-28T19:25:57","date_gmt":"2015-01-28T17:25:57","guid":{"rendered":"http:\/\/www.sana.sy\/es\/?p=16999"},"modified":"2015-01-28T21:20:35","modified_gmt":"2015-01-28T19:20:35","slug":"teheran-apoya-la-reunion-consultiva-de-moscu-sobre-la-crisis-siria","status":"publish","type":"post","link":"https:\/\/archive.sana.sy\/es\/?p=16999","title":{"rendered":"Teher\u00e1n apoya la reuni\u00f3n consultiva de Mosc\u00fa sobre la crisis siria"},"content":{"rendered":"<p style=\"text-align: justify\"><span style=\"color: #800000\">Teher\u00e1n, SANA<\/span><\/p>\n<p style=\"text-align: justify\">El Ministerio de Asuntos Exteriores de Ir\u00e1n confirm\u00f3 el apoyo de Teher\u00e1n a la reuni\u00f3n consultiva que se est\u00e1 celebrando en la capital rusa de Mosc\u00fa, sobre la crisis en Siria.<\/p>\n<p style=\"text-align: justify\">La portavoz del Ministerio, Marzie Afjam, ha dicho hoy en una declaraci\u00f3n en Teher\u00e1n que \u201cla soluci\u00f3n pol\u00edtica y el di\u00e1logo constituyen la \u00fanica v\u00eda para encontrar una soluci\u00f3n a la crisis siria\u201d, subrayando que \u00fanicamente quien tiene el derecho a determinar el futuro del pa\u00eds es el pueblo sirio.<\/p>\n<p style=\"text-align: justify\">Asimismo inst\u00f3 a algunos pa\u00edses de la regi\u00f3n a tomar en cuenta los intereses de los pueblos de la regi\u00f3n en vez de sus propios intereses, se\u00f1alando la importancia de reevaluar y reconocer la realidad existente sobre el terreno sirio.<\/p>\n<p style=\"text-align: justify\">Afjam, tambi\u00e9n, expres\u00f3 su esperanza de que sepan aquellos pa\u00edses la realidad de que sus planes y pr\u00e1cticas anteriores no ayudan a resolver las cuestiones de la regi\u00f3n.<\/p>\n<p style=\"text-align: justify\">El mismo agreg\u00f3 que la resistencia es la \u00fanica v\u00eda de hacer frente al terrorismo, destacando el logro obtenido por los vecinos la localidad siria de Ein \u00c1rab en su lucha contra la organizaci\u00f3n terrorista del Estado Isl\u00e1mico (DAESH).<\/p>\n<p style=\"text-align: justify\"><span style=\"color: #0000ff\">Ghifar Al Ali &amp; Riyad Sh.<\/span><\/p>\n","protected":false},"excerpt":{"rendered":"<p>Teher\u00e1n, SANA El Ministerio de Asuntos Exteriores de Ir\u00e1n confirm\u00f3 el apoyo de Teher\u00e1n a la reuni\u00f3n consultiva que se est\u00e1 celebrando en la capital rusa de Mosc\u00fa, sobre la crisis en Siria. La portavoz del Ministerio, Marzie Afjam, ha dicho hoy en una declaraci\u00f3n en Teher\u00e1n que \u201cla soluci\u00f3n pol\u00edtica y el di\u00e1logo constituyen &hellip;<\/p>\n","protected":false},"author":1,"featured_media":17000,"comment_status":"closed","ping_status":"closed","sticky":false,"template":"","format":"standard","meta":{"footnotes":""},"categories":[597,456,457,576],"tags":[3844],"class_list":["post-16999","post","type-post","status-publish","format-standard","has-post-thumbnail","","category-cinta-de-noticias","category-arabe-internacional-politica","category-noticias-arabe-internacional-politica","category-noticias-politicas","tag-teheran-apoya-la-reunion-consultiva-de-moscu-sobre-la-crisis-siria"],"_links":{"self":[{"href":"https:\/\/archive.sana.sy\/es\/index.php?rest_route=\/wp\/v2\/posts\/16999"}],"collection":[{"href":"https:\/\/archive.sana.sy\/es\/index.php?rest_route=\/wp\/v2\/posts"}],"about":[{"href":"https:\/\/archive.sana.sy\/es\/index.php?rest_route=\/wp\/v2\/types\/post"}],"author":[{"embeddable":true,"href":"https:\/\/archive.sana.sy\/es\/index.php?rest_route=\/wp\/v2\/users\/1"}],"replies":[{"embeddable":true,"href":"https:\/\/archive.sana.sy\/es\/index.php?rest_route=%2Fwp%2Fv2%2Fcomments&post=16999"}],"version-history":[{"count":0,"href":"https:\/\/archive.sana.sy\/es\/index.php?rest_route=\/wp\/v2\/posts\/16999\/revisions"}],"wp:featuredmedia":[{"embeddable":true,"href":"https:\/\/archive.sana.sy\/es\/index.php?rest_route=\/wp\/v2\/media\/17000"}],"wp:attachment":[{"href":"https:\/\/archive.sana.sy\/es\/index.php?rest_route=%2Fwp%2Fv2%2Fmedia&parent=16999"}],"wp:term":[{"taxonomy":"category","embeddable":true,"href":"https:\/\/archive.sana.sy\/es\/index.php?rest_route=%2Fwp%2Fv2%2Fcategories&post=16999"},{"taxonomy":"post_tag","embeddable":true,"href":"https:\/\/archive.sana.sy\/es\/index.php?rest_route=%2Fwp%2Fv2%2Ftags&post=16999"}],"curies":[{"name":"wp","href":"https:\/\/api.w.org\/{rel}","templated":true}]}}