{"id":169993,"date":"2021-02-19T18:12:26","date_gmt":"2021-02-19T16:12:26","guid":{"rendered":"http:\/\/107.6.182.27\/es\/?p=169993"},"modified":"2021-02-19T19:42:19","modified_gmt":"2021-02-19T17:42:19","slug":"reportan-danos-materiales-por-enfrentamientos-entre-fuerzas-de-ocupacion-turcas-y-las-fds-en-la-localidad-de-abu-rasin","status":"publish","type":"post","link":"https:\/\/archive.sana.sy\/es\/?p=169993","title":{"rendered":"Enfrentamientos entre fuerzas de ocupaci\u00f3n turcas y las FDS en Abu Rasin, Hasakeh"},"content":{"rendered":"<p><span style=\"color: #800000;\">Hasakeh, SANA<\/span><\/p>\n<p style=\"text-align: justify;\">Estallaron nuevos enfrentamientos entre las fuerzas de ocupaci\u00f3n turcas y sus mercenarios terroristas, por un lado, y la autodenominada milicia Fuerzas Democr\u00e1ticas Sirias (FDS), respaldada por el ocupante estadounidense, por otro lado, en la localidad de Abu Rasin, al noreste de la provincia de Hasakeh.<\/p>\n<p style=\"text-align: justify;\">Fuentes locales dijeron a SANA que los enfrentamientos causaron da\u00f1os materiales en las propiedades privadas y p\u00fablicas.<\/p>\n<p style=\"text-align: justify;\">Se\u00f1alaron que los choques se intensificaron luego, especialmente en la periferia norte de Abu Rasin, donde cayeron varios proyectiles de artiller\u00eda, provocando un estado de p\u00e1nico entre la poblaci\u00f3n civil.<\/p>\n<p style=\"text-align: justify;\">\u201cComo resultado, varios ciudadanos se vieron obligados a huir de sus casas y dirigirse a los barrios sure\u00f1os de la urbe\u201d, agregaron las fuentes.<\/p>\n<p><em>mm\/fm<\/em><\/p>\n<p>&nbsp;<\/p>\n","protected":false},"excerpt":{"rendered":"<p>Hasakeh, SANA Estallaron nuevos enfrentamientos entre las fuerzas de ocupaci\u00f3n turcas y sus mercenarios terroristas, por un lado, y la autodenominada milicia Fuerzas Democr\u00e1ticas Sirias (FDS), respaldada por el ocupante estadounidense, por otro lado, en la localidad de Abu Rasin, al noreste de la provincia de Hasakeh. Fuentes locales dijeron a SANA que los enfrentamientos &hellip;<\/p>\n","protected":false},"author":36,"featured_media":169994,"comment_status":"closed","ping_status":"closed","sticky":false,"template":"","format":"standard","meta":{"footnotes":""},"categories":[597,573,7541],"tags":[],"class_list":["post-169993","post","type-post","status-publish","format-standard","has-post-thumbnail","","category-cinta-de-noticias","category-la-realidad-de-los-acontecimientos-en-siria","category-ultimas-noticias"],"_links":{"self":[{"href":"https:\/\/archive.sana.sy\/es\/index.php?rest_route=\/wp\/v2\/posts\/169993"}],"collection":[{"href":"https:\/\/archive.sana.sy\/es\/index.php?rest_route=\/wp\/v2\/posts"}],"about":[{"href":"https:\/\/archive.sana.sy\/es\/index.php?rest_route=\/wp\/v2\/types\/post"}],"author":[{"embeddable":true,"href":"https:\/\/archive.sana.sy\/es\/index.php?rest_route=\/wp\/v2\/users\/36"}],"replies":[{"embeddable":true,"href":"https:\/\/archive.sana.sy\/es\/index.php?rest_route=%2Fwp%2Fv2%2Fcomments&post=169993"}],"version-history":[{"count":0,"href":"https:\/\/archive.sana.sy\/es\/index.php?rest_route=\/wp\/v2\/posts\/169993\/revisions"}],"wp:featuredmedia":[{"embeddable":true,"href":"https:\/\/archive.sana.sy\/es\/index.php?rest_route=\/wp\/v2\/media\/169994"}],"wp:attachment":[{"href":"https:\/\/archive.sana.sy\/es\/index.php?rest_route=%2Fwp%2Fv2%2Fmedia&parent=169993"}],"wp:term":[{"taxonomy":"category","embeddable":true,"href":"https:\/\/archive.sana.sy\/es\/index.php?rest_route=%2Fwp%2Fv2%2Fcategories&post=169993"},{"taxonomy":"post_tag","embeddable":true,"href":"https:\/\/archive.sana.sy\/es\/index.php?rest_route=%2Fwp%2Fv2%2Ftags&post=169993"}],"curies":[{"name":"wp","href":"https:\/\/api.w.org\/{rel}","templated":true}]}}