{"id":170032,"date":"2021-02-19T21:03:56","date_gmt":"2021-02-19T19:03:56","guid":{"rendered":"http:\/\/107.6.182.27\/es\/?p=170032"},"modified":"2023-01-12T14:41:57","modified_gmt":"2023-01-12T12:41:57","slug":"heridos-en-represion-sionista-a-manifestaciones-palestinas-contra-la-ocupacion","status":"publish","type":"post","link":"https:\/\/archive.sana.sy\/es\/?p=170032","title":{"rendered":"Heridos en represi\u00f3n sionista a manifestaciones palestinas contra la ocupaci\u00f3n"},"content":{"rendered":"<p><span style=\"color: #800000;\">Jerusal\u00e9n ocupada, SANA<\/span><\/p>\n<p style=\"text-align: justify;\">Un palestino result\u00f3 herido a tiros de las fuerzas de ocupaci\u00f3n israel\u00edes contra una manifestaci\u00f3n en el pueblo de Beit Dajan, al este de Nablus en Cisjordania.<\/p>\n<p style=\"text-align: justify;\">La agencia palestina \u201cWafa\u201d inform\u00f3 que el ocupante israel\u00ed us\u00f3 balas reales y gas lacrim\u00f3geno contra una manifestaci\u00f3n en contra de la construcci\u00f3n de un asentamiento en el mencionado pueblo, causando heridas a un manifestante.<\/p>\n<p style=\"text-align: justify;\">El pueblo de Beit Dajan es escenario de continuas manifestaciones semanales en protesta contra los planes de confiscaci\u00f3n de sus tierras por la ocupaci\u00f3n israel\u00ed.<\/p>\n<p style=\"text-align: justify;\">Asimismo, decenas de palestinos resultaron heridos y asfixiados a consecuencia de la represi\u00f3n por parte de las fuerzas de ocupaci\u00f3n israel\u00edes a una manifestaci\u00f3n semanal en el pueblo de Kafr Qaddoum en Cisjordania.<\/p>\n<p style=\"text-align: justify;\">La agencia \u201cWafaa\u201d inform\u00f3 que los manifestantes reclamaron la apertura de la calle del pueblo cerrada desde hace 18 a\u00f1os.<\/p>\n<p style=\"text-align: justify;\">Kafr Qaddoum presencian manifestaciones los viernes y s\u00e1bados en contra de la confiscaci\u00f3n de las tierras de sus pobladores para construir el Muro de Separaci\u00f3n y los asentamientos sionistas.<\/p>\n<p><span style=\"color: #0000ff;\">rr\/fm<\/span><\/p>\n","protected":false},"excerpt":{"rendered":"<p>Jerusal\u00e9n ocupada, SANA Un palestino result\u00f3 herido a tiros de las fuerzas de ocupaci\u00f3n israel\u00edes contra una manifestaci\u00f3n en el pueblo de Beit Dajan, al este de Nablus en Cisjordania. La agencia palestina \u201cWafa\u201d inform\u00f3 que el ocupante israel\u00ed us\u00f3 balas reales y gas lacrim\u00f3geno contra una manifestaci\u00f3n en contra de la construcci\u00f3n de un &hellip;<\/p>\n","protected":false},"author":31,"featured_media":170035,"comment_status":"closed","ping_status":"closed","sticky":false,"template":"","format":"standard","meta":{"footnotes":""},"categories":[456],"tags":[],"class_list":["post-170032","post","type-post","status-publish","format-standard","has-post-thumbnail","","category-arabe-internacional-politica"],"_links":{"self":[{"href":"https:\/\/archive.sana.sy\/es\/index.php?rest_route=\/wp\/v2\/posts\/170032"}],"collection":[{"href":"https:\/\/archive.sana.sy\/es\/index.php?rest_route=\/wp\/v2\/posts"}],"about":[{"href":"https:\/\/archive.sana.sy\/es\/index.php?rest_route=\/wp\/v2\/types\/post"}],"author":[{"embeddable":true,"href":"https:\/\/archive.sana.sy\/es\/index.php?rest_route=\/wp\/v2\/users\/31"}],"replies":[{"embeddable":true,"href":"https:\/\/archive.sana.sy\/es\/index.php?rest_route=%2Fwp%2Fv2%2Fcomments&post=170032"}],"version-history":[{"count":0,"href":"https:\/\/archive.sana.sy\/es\/index.php?rest_route=\/wp\/v2\/posts\/170032\/revisions"}],"wp:featuredmedia":[{"embeddable":true,"href":"https:\/\/archive.sana.sy\/es\/index.php?rest_route=\/wp\/v2\/media\/170035"}],"wp:attachment":[{"href":"https:\/\/archive.sana.sy\/es\/index.php?rest_route=%2Fwp%2Fv2%2Fmedia&parent=170032"}],"wp:term":[{"taxonomy":"category","embeddable":true,"href":"https:\/\/archive.sana.sy\/es\/index.php?rest_route=%2Fwp%2Fv2%2Fcategories&post=170032"},{"taxonomy":"post_tag","embeddable":true,"href":"https:\/\/archive.sana.sy\/es\/index.php?rest_route=%2Fwp%2Fv2%2Ftags&post=170032"}],"curies":[{"name":"wp","href":"https:\/\/api.w.org\/{rel}","templated":true}]}}