{"id":170131,"date":"2021-02-20T23:15:43","date_gmt":"2021-02-20T21:15:43","guid":{"rendered":"http:\/\/107.6.182.27\/es\/?p=170131"},"modified":"2023-01-10T14:30:00","modified_gmt":"2023-01-10T12:30:00","slug":"terroristas-trasladan-contenedores-de-cloro-toxico-para-montar-ataque-con-armas-quimicas-en-idlib","status":"publish","type":"post","link":"https:\/\/archive.sana.sy\/es\/?p=170131","title":{"rendered":"Terroristas trasladan contenedores de cloro t\u00f3xico para montar ataque con armas qu\u00edmicas en Idlib"},"content":{"rendered":"<p style=\"text-align: justify;\"><span style=\"color: #800000;\"><strong>Mosc\u00fa, SANA<\/strong><\/span><\/p>\n<p style=\"text-align: justify;\">El Ministerio de Defensa ruso revel\u00f3 que las organizaciones terroristas desplegadas en la provincia siria de Idlib se est\u00e1n preparando para un nuevo ataque con armas qu\u00edmicas de falsa bandera para acusar al Ej\u00e9rcito \u00c1rabe Sirio.<\/p>\n<p style=\"text-align: justify;\">El Centro de Coordinaci\u00f3n Ruso con sede en la base de Hemeimem en la provincia siria de Latakia, indic\u00f3 que \u201clos terroristas del Frente Al-Nousra\u201d comenzaron a transferir contenedores llenos del cloro t\u00f3xico a la zona de desescalada en Idlib para fabricar un ataque con armas qu\u00edmicas para acusar al Ej\u00e9rcito \u00c1rabe Sirio\u201d.<\/p>\n<p style=\"text-align: justify;\">El 14 del mes en curso, el Ministerio de Defensa ruso revel\u00f3 que las organizaciones terroristas en Idlib se estaban preparando para realizar nuevo ataque de falsa bandera con armas qu\u00edmicas en cooperaci\u00f3n con la organizaci\u00f3n terrorista &#8220;Cascos Blancos&#8221; para acusar al ej\u00e9rcito sirio.<\/p>\n<p style=\"text-align: justify;\"><span style=\"color: #0000ff;\"><em><strong>fm<\/strong><\/em><\/span><\/p>\n","protected":false},"excerpt":{"rendered":"<p>Mosc\u00fa, SANA El Ministerio de Defensa ruso revel\u00f3 que las organizaciones terroristas desplegadas en la provincia siria de Idlib se est\u00e1n preparando para un nuevo ataque con armas qu\u00edmicas de falsa bandera para acusar al Ej\u00e9rcito \u00c1rabe Sirio. El Centro de Coordinaci\u00f3n Ruso con sede en la base de Hemeimem en la provincia siria de &hellip;<\/p>\n","protected":false},"author":34,"featured_media":170132,"comment_status":"closed","ping_status":"closed","sticky":false,"template":"","format":"standard","meta":{"footnotes":""},"categories":[447,477,597,573,476,467,7541],"tags":[],"class_list":["post-170131","post","type-post","status-publish","format-standard","has-post-thumbnail","","category-local-politica","category-noticias-edulcorantes","category-cinta-de-noticias","category-la-realidad-de-los-acontecimientos-en-siria","category-locales","category-siria-y-el-mundo","category-ultimas-noticias"],"_links":{"self":[{"href":"https:\/\/archive.sana.sy\/es\/index.php?rest_route=\/wp\/v2\/posts\/170131"}],"collection":[{"href":"https:\/\/archive.sana.sy\/es\/index.php?rest_route=\/wp\/v2\/posts"}],"about":[{"href":"https:\/\/archive.sana.sy\/es\/index.php?rest_route=\/wp\/v2\/types\/post"}],"author":[{"embeddable":true,"href":"https:\/\/archive.sana.sy\/es\/index.php?rest_route=\/wp\/v2\/users\/34"}],"replies":[{"embeddable":true,"href":"https:\/\/archive.sana.sy\/es\/index.php?rest_route=%2Fwp%2Fv2%2Fcomments&post=170131"}],"version-history":[{"count":0,"href":"https:\/\/archive.sana.sy\/es\/index.php?rest_route=\/wp\/v2\/posts\/170131\/revisions"}],"wp:featuredmedia":[{"embeddable":true,"href":"https:\/\/archive.sana.sy\/es\/index.php?rest_route=\/wp\/v2\/media\/170132"}],"wp:attachment":[{"href":"https:\/\/archive.sana.sy\/es\/index.php?rest_route=%2Fwp%2Fv2%2Fmedia&parent=170131"}],"wp:term":[{"taxonomy":"category","embeddable":true,"href":"https:\/\/archive.sana.sy\/es\/index.php?rest_route=%2Fwp%2Fv2%2Fcategories&post=170131"},{"taxonomy":"post_tag","embeddable":true,"href":"https:\/\/archive.sana.sy\/es\/index.php?rest_route=%2Fwp%2Fv2%2Ftags&post=170131"}],"curies":[{"name":"wp","href":"https:\/\/api.w.org\/{rel}","templated":true}]}}