{"id":170140,"date":"2021-02-21T09:28:20","date_gmt":"2021-02-21T07:28:20","guid":{"rendered":"http:\/\/107.6.182.27\/es\/?p=170140"},"modified":"2023-01-10T15:14:28","modified_gmt":"2023-01-10T13:14:28","slug":"empeno-de-siria-para-superar-secuelas-de-la-guerra-y-el-bloqueo-resumen-economico-semanal","status":"publish","type":"post","link":"https:\/\/archive.sana.sy\/es\/?p=170140","title":{"rendered":"Empe\u00f1o de Siria para superar secuelas de la guerra y el bloqueo (resumen econ\u00f3mico semanal)"},"content":{"rendered":"<div dir=\"ltr\">\n<div>\n<p style=\"text-align: justify;\"><strong><span style=\"color: #800000;\">Damasco, SANA<\/span><\/strong><\/p>\n<p style=\"text-align: justify;\"><em><span style=\"color: #333333;\"><strong>A continuaci\u00f3n un resumen de las noticias econ\u00f3micas m\u00e1s importantes de Siria durante la semana reci\u00e9n concluida.<\/strong><\/span><\/em><\/p>\n<p style=\"text-align: justify;\"><strong><span style=\"color: #0000ff;\">Presidente Al-Assad promulga una ley para crear bancos para financiar a microproyectos<\/span><\/strong><\/p>\n<p style=\"text-align: justify;\">El presidente Bashar al-Assad, emiti\u00f3 la Ley No. 8 para el a\u00f1o 2021, que estipula la creaci\u00f3n de bancos para la financiaci\u00f3n de peque\u00f1os productores, microproyectos y personas de bajos ingresos o sin ingreso.<\/p>\n<p style=\"text-align: justify;\">La ley apunta a generar ingresos para este segmento de ciudadanos, adem\u00e1s de crear empleos y lograr un desarrollo sostenible.<\/p>\n<p style=\"text-align: justify;\"><strong><span style=\"color: #0000ff;\">Ley de Banca de Microcr\u00e9ditos garantiza accesibilidad financiera a personas de bajo o nulo ingreso<\/span><\/strong><\/p>\n<p style=\"text-align: justify;\">El Banco Central de Siria (BCS) afirm\u00f3 que la Ley de Banca de Microcr\u00e9ditos proyecta garantizar la accesibilidad financiera para la mayora capa posible de personas de bajo o nulo ingreso, y tambi\u00e9n para aquellos que tienen la capacidad de llevar a cabo una actividad econ\u00f3mica pero que no pueden acceder a los servicios financieros bancarios para asegurarse un ingreso adicional y crear nuevas oportunidades de trabajo por un desarrollo sostenible.<\/p>\n<p style=\"text-align: justify;\">En una declaraci\u00f3n al reportero de SANA, el jefe del Departamento de Patentes en el Banco Central de Siria, Rani Deeb, dijo que la ley producir\u00e1 un salto cualitativo en la labor de los bancos de microcr\u00e9ditos con miras a lograr sus objetivos en el desarrollo socio-econ\u00f3mico en consonancia con la pol\u00edtica general del estado.<\/p>\n<p style=\"text-align: justify;\"><strong><span style=\"color: #0000ff;\">A pesar del bloqueo, empresa estatal siria vuelve al mercado con nuevos productos.<\/span><\/strong><\/p>\n<p style=\"text-align: justify;\">La Empresa Estatal de Industrias Electr\u00f3nicas (Syronics) logr\u00f3 volver al mercado con soluciones alternativas superando as\u00ed las medidas econ\u00f3micas coercitivas unilaterales impuestas a Siria que pararon hace un a\u00f1o su producci\u00f3n de pantallas.<\/p>\n<p style=\"text-align: justify;\">El gerente de la empresa, Loai Maydani , indic\u00f3 que el injusto bloqueo econ\u00f3mico impuesto a Siria impidi\u00f3 que la empresa consiguiera los suministros de la producci\u00f3n de pantallas y ensamblarlas.<\/p>\n<p style=\"text-align: justify;\">Maydani destac\u00f3 que como una soluci\u00f3n alternativa, la empresa recurri\u00f3 a las f\u00e1bricas de carpinter\u00eda, pl\u00e1sticos, poliestireno y circuitos impresos mec\u00e1nicamente para asegurar los suministros necesarios para la fabricaci\u00f3n de pantallas.<\/p>\n<p style=\"text-align: justify;\">La entidad pudo hacer frente a las medidas coercitivas a trav\u00e9s de sus plantas y logr\u00f3 ofrecer productos alternativos al mercado local como los reguladores el\u00e9ctricos.<\/p>\n<p style=\"text-align: justify;\">Los cuadros nacionales siguen trabajando para superar el bloqueo y las sanciones en un mensaje a Occidente que a Siria nadie le puede torcer el brazo.<\/p>\n<p style=\"text-align: justify;\"><strong><span style=\"color: #0000ff;\">Presidente Al-Assad promulga una ley que aumenta el capital del Banco Industrial a 14 mil millones de libras<\/span><\/strong><\/p>\n<p style=\"text-align: justify;\"><span lang=\"ES-TRAD\">El presidente Bashar Al-Assad, emiti\u00f3 la Ley No. 7 del a\u00f1o 2021 que eleva el capital del Banco Industrial a 14 mil millones de libras sirias.<\/span><\/p>\n<p style=\"text-align: justify;\"><span lang=\"ES-TRAD\">El objetivo de la nueva legislaci\u00f3n es mejorar la capacidad de esa instituci\u00f3n para otorgar el financiamiento necesario a los proyectos industriales teniendo en cuenta los requisitos de la etapa actual.<\/span><\/p>\n<p style=\"text-align: justify;\"><strong><span style=\"color: #0000ff;\">40 empresas alimentarias sirias participan en \u201cGulfood\u201d, Dub\u00e1i\u00a0<\/span><\/strong><\/p>\n<p style=\"text-align: justify;\">Se inaugura este domingo en Dub\u00e1i la Exposici\u00f3n Mundial de Alimentos \u201cGulfood Dubai\u201d, con la participaci\u00f3n de 40 empresas alimentarias sirias.<\/p>\n<p style=\"text-align: justify;\">El jefe del Comit\u00e9 Central de Exposiciones de la Federaci\u00f3n de C\u00e1maras de Industria de Siria, Talal Qalaji, afirm\u00f3 a SANA que el evento es una importante oportunidad para comercializar y promover los productos alimenticios sirios en los mercados globales, adem\u00e1s de abrir nuevos mercados y apoyar la econom\u00eda nacional.<\/p>\n<p style=\"text-align: justify;\">Por su parte, el secretario del sector alimentario en la C\u00e1mara de Industria de Damasco, Ayman Zabadneh, se\u00f1al\u00f3 que las empresas sirias participantes son especializadas en la industria de conservas, galletas, chocolate, mantecas, aceites, adem\u00e1s de dulces tradicionales sirios.<\/p>\n<p style=\"text-align: justify;\">\u201cGulf Dub\u00e1i\u201d cuenta con la participaci\u00f3n de casi 2500 empresas de 85 pa\u00edses y atrae a m\u00e1s de 100 mil visitantes.<\/p>\n<p style=\"text-align: justify;\"><strong><span style=\"color: #0000ff;\">\u00a0Arranca este domingo la Exposici\u00f3n Internacional de Calzado, Productos de Cuero y Tecnolog\u00edas<\/span><\/strong><\/p>\n<p style=\"text-align: justify;\">Con la participaci\u00f3n de m\u00e1s de 135 grandes empresas productoras de calzado y productos de cuero en Siria, se inaugurar\u00e1 este domingo 21 de febrero, la Exposici\u00f3n Internacional de Zapatos, Productos de Cuero, Equipos y Tecnolog\u00edas para la Industria del Cuero.<\/p>\n<p style=\"text-align: justify;\">El evento durar\u00e1 cuatro d\u00edas y se celebra en la Ciudad de Exposiciones de Damasco, y es organizado por la Federaci\u00f3n \u00c1rabe de Industrias del Cuero en cooperaci\u00f3n con las Federaciones de C\u00e1maras de Industria y Comercio.<\/p>\n<p style=\"text-align: justify;\">En una declaraci\u00f3n al corresponsal de SANA, el jefe del departamento de relaciones p\u00fablicas de la Federaci\u00f3n \u00c1rabe de la Industria del Cuero y presidente del Comit\u00e9 de la Industria del Cuero de la C\u00e1mara de Industria de Damasco, Muhammad Al-Bushi, destac\u00f3 que la exposici\u00f3n promueve y comercializa calzado y productos de cuero sirios en los mercados locales y extranjeros.<\/p>\n<p style=\"text-align: justify;\">Al-Bushi se\u00f1al\u00f3 que han llegado al pa\u00eds unos 400 empresarios y comerciantes de Irak, Egipto, Jordania, L\u00edbano, Sud\u00e1n, Libia, Yibuti y Somalia, as\u00ed como empresarios sirios que viven en los pa\u00edses del Golfo Ar\u00e1bigo.<\/p>\n<p style=\"text-align: justify;\">Los embajadores de los pa\u00edses \u00e1rabes presentes en Siria est\u00e1n invitados a la exposici\u00f3n para ver el gran desarrollo de la industria del cuero a pesar de las sanciones, bloqueos y las guerras injustas durante m\u00e1s de 10 a\u00f1os.<\/p>\n<p style=\"text-align: justify;\"><strong><span style=\"color: #0000ff;\">Hospitales de Ghouta Oriental en proceso de reconstrucci\u00f3n y pronto reabrir\u00e1n sus puertas<\/span><\/strong><\/p>\n<p style=\"text-align: justify;\"><span lang=\"ES-TRAD\">Desde la liberaci\u00f3n de las ciudades de la regi\u00f3n de Ghouta Oriental del terrorismo en 2018, la Direcci\u00f3n de Salud en la provincia de Damasco-campo comenz\u00f3 la implementaci\u00f3n de un plan para rehabilitar y reconstruir los siete hospitales en esa zona.<\/span><\/p>\n<p style=\"text-align: justify;\"><span lang=\"ES-TRAD\">El subdirector de Salud provincial, Iyad Teijan, declar\u00f3 a SANA que la rehabilitaci\u00f3n de los hospitales de Harasta, Kafr Batna y Al-Maliha comenz\u00f3 hace dos a\u00f1os y la tasa de ejecuci\u00f3n var\u00eda en cada uno de ellos, mientras la reconstrucci\u00f3n de los hospitales de Deir Al-Asafir, Al-Nashabiyyah, Douma y Arbin todav\u00eda est\u00e1n en la primera fase debido a los grandes da\u00f1os materiales que sufrieron a consecuencia del terrorismo.<\/span><\/p>\n<p style=\"text-align: justify;\"><span lang=\"ES-TRAD\">Sobre el hospital de Harasta, explic\u00f3 que las obras de rehabilitaci\u00f3n finalizaron y se pondr\u00e1 en servicio durante los pr\u00f3ximos dos meses y ofrecer\u00e1 servicios de cirug\u00eda general, ortop\u00e9dica y laparosc\u00f3pica, adem\u00e1s de ginecolog\u00eda, servicio de emergencia m\u00e9dica, radiolog\u00eda y laboratorio.<\/span><\/p>\n<p style=\"text-align: justify;\"><span lang=\"ES-TRAD\">Los hospitales de Ghouta Oriental fueron destruidos en un procentaje que oscila del 60% al 80%, seg\u00fan el jefe de la Oficina de Ingenier\u00eda en la Direcci\u00f3n de Salud, Manal Al-Bar, quien revel\u00f3 que la rehabilitaci\u00f3n del hospital de Harasta fue de un costo de 2 millones de d\u00f3lares y se efectu\u00f3 en cooperaci\u00f3n con el Programa de las Naciones Unidas para el Desarrollo, mientras los dispositivos fueron proporcionados por la Organizaci\u00f3n Mundial de la Salud mediante una donaci\u00f3n japonesa de 4 millones de d\u00f3lares.<\/span><\/p>\n<p style=\"text-align: justify;\"><span lang=\"ES-TRAD\">El Hospital de Harasta abri\u00f3 sus puertas en 2001, seg\u00fan afirma su director Ahmed Ismail, y continu\u00f3 brindando servicios a la poblaci\u00f3n de la regi\u00f3n hasta finales del 2012, fecha en que sufri\u00f3 da\u00f1os por las acciones terroristas.<\/span><\/p>\n<p style=\"text-align: justify;\"><strong><span style=\"color: #0000ff;\">Central El\u00e9ctrica de Deir Ali desaf\u00eda el bloqueo econ\u00f3mico y sigue operando gracias al empe\u00f1o de sus trabajadores<\/span><\/strong><\/p>\n<p style=\"text-align: justify;\"><span lang=\"ES-TRAD\">Los t\u00e9cnicos del Ministerio de Electricidad concluyeron en un tiempo r\u00e9cord la rehabilitaci\u00f3n de la planta el\u00e9ctrica de Deir Ali, situada a unos 35 kil\u00f3metros de la capital Damasco.<\/span><\/p>\n<p style=\"text-align: justify;\"><span lang=\"ES-TRAD\">Esta instalaci\u00f3n sufri\u00f3de la guerra terrorista impuesta a Siria, y seg\u00fan Faisal Manzouri, del departamento de mantenimiento mec\u00e1nico,la reparaci\u00f3n de la turbina de vapor que sali\u00f3 de servicio hace unos d\u00edas requiri\u00f3 largas jornadas de trabajo que superaron las 22 horas diarias debido a la falta de repuestos.<\/span><\/p>\n<p style=\"text-align: justify;\"><span lang=\"ES-TRAD\">El bloqueo impuesto a Siria no ha impedido que los trabajadores dedicaran su experiencia y habilidades para buscar piezas de repuesto alternativas que resulta muy dif\u00edcil obtenerlas desde el extranjero en las circunstancias actuales.<\/span><\/p>\n<p style=\"text-align: justify;\"><span lang=\"ES-TRAD\">Asimismo, los trabajadores laboran contra el reloj para reparar las fallas para que la central permanezca en estado t\u00e9cnico bueno.<\/span><\/p>\n<p style=\"text-align: justify;\"><span lang=\"ES-TRAD\">Seg\u00fan declar\u00f3 el director de la central el\u00e9ctrica, Muhammad Khair Imam,la instalaci\u00f3n es una de las m\u00e1s grandes y modernas de Siria.<\/span><\/p>\n<p style=\"text-align: justify;\"><span lang=\"ES-TRAD\">Su capacidad de generaci\u00f3n oscila entre 1400 y 1500 MW y cubre el 40% de la red el\u00e9ctrica y consta de dos partes, cada secci\u00f3n consta de dos turbinas de gas y una turbina de vapor.<\/span><\/p>\n<p style=\"text-align: justify;\"><strong><span style=\"color: #0000ff;\">Despu\u00e9s de su rehabilitaci\u00f3n, centro m\u00e9dico en Deir Ezzor ofrece\u00a0\u00a0servicios m\u00e9dicos integrales<\/span><\/strong><\/p>\n<p style=\"text-align: justify;\"><span lang=\"ES-TRAD\">El centro de salud en el municipio de Al-Mayadin, en el campo oriental de la provincia de Deir Ezzor, reanud\u00f3 la prestaci\u00f3n de servicios m\u00e9dicos a la poblaci\u00f3n despu\u00e9s de rehabilitarlo por el gobierno sirio en cooperaci\u00f3n con organismos internacionales.<\/span><\/p>\n<p style=\"text-align: justify;\"><span lang=\"ES-TRAD\">Al centro, considerado como un mini hospital que funciona las 24 horas, se le ha dotado todo lo necesario de equipos, medicamentos, personal cualificado, vacunas, un veh\u00edculo quir\u00fargico m\u00f3vil y ambulancias para brindar diversos servicios de salud.<\/span><\/p>\n<p style=\"text-align: justify;\"><span lang=\"ES-TRAD\">De igual manera, se est\u00e1 trabajando para rehabilitar una serie de otras instalaciones de salud que han sido afectadas por el terrorismo en el \u00e1rea de Al-Mayadeen, y en toda la provincia en general.<\/span><\/p>\n<p style=\"text-align: justify;\"><span style=\"color: #0000ff;\"><strong>Gabinete aprueba decisiones destinadas a mejorar servicios en provincias nororientales<\/strong><\/span><\/p>\n<p style=\"text-align: justify;\"><span lang=\"ES-TRAD\">El Consejo de Ministros acord\u00f3 este martes enviar a 20 m\u00e9dicos con todas las especialidades y de ritmo mensual al Hospital de Deir Ezzor para brindar servicios de salud a la poblaci\u00f3n de la provincia nororiental.<\/span><\/p>\n<p style=\"text-align: justify;\"><span lang=\"ES-TRAD\">Asimismo dio luz verde al establecimiento de cuatro plantas desalinizadoras de agua subterr\u00e1nea salobre en la provincia de Hasakeh.<\/span><\/p>\n<p style=\"text-align: justify;\"><span lang=\"ES-TRAD\">Durante su sesi\u00f3n semanal, el Gabinete debati\u00f3 la visi\u00f3n de los Ministerios de Agricultura e Industria destinada a desarrollar la industria agroalimentaria hasta llegar a productos que puedan satisfacer la demanda local y competir en el mercado internacional.<\/span><\/p>\n<p style=\"text-align: justify;\"><span lang=\"ES-TRAD\">Pidi\u00f3 al Ministerio de Administraci\u00f3n Local y Medio Ambiente evaluar la realidad de las zonas industriales con el fin de ayudar a las plantas que siguen estando fuera del funcionamiento a arrancar la producci\u00f3n.<\/span><\/p>\n<p style=\"text-align: justify;\"><strong><span style=\"color: #0000ff;\">Parlamento aprueba una serie de proyectos de ley encaminados a lograr el desarrollo sostenible<\/span><\/strong><\/p>\n<p style=\"text-align: justify;\"><span lang=\"ES-TRAD\">El Parlamento aprob\u00f3 este martes una serie de proyectos de ley, el principal de los cuales fue el proyecto de enmienda del art\u00edculo No. 2 de la Ley No. 28 del a\u00f1o 2010 para aumentar el capital del Banco Industrial a 14 mil millones de libras sirias.<\/span><\/p>\n<p style=\"text-align: justify;\"><span lang=\"ES-TRAD\">El capital nominal actual del banco es 10 mil millones de libras sirias, y es el principal sost\u00e9n del sector industrial tanto p\u00fablico como privado, seg\u00fan declar\u00f3 el Ministro de Haciendas, Kinan Yaghi, durante la sesi\u00f3n parlamentaria.<\/span><\/p>\n<p style=\"text-align: justify;\"><span lang=\"ES-TRAD\">El Parlamento tambi\u00e9n aprob\u00f3 el proyecto de ley que estipula la creaci\u00f3n de bancos microfinancieros encaminados a lograr el desarrollo sostenible, as\u00ed como aprob\u00f3 el proyecto de ley que incluye la fundaci\u00f3n de la Entidad P\u00fablica de Recursos Pesqueros y Vida Acu\u00e1tica.<\/span><\/p>\n<p style=\"text-align: justify;\"><strong><span style=\"color: #0000ff;\">Comienzan obras de rehabilitaci\u00f3n del primer silo met\u00e1lico afectado por el terrorismo en Raqa<\/span><\/strong><\/p>\n<p style=\"text-align: justify;\"><span lang=\"ES-TRAD\">Contando con profesionales nacionales, se dio comienzo a las obras de rehabilitaci\u00f3n del primer silo met\u00e1lico en la provincia de Raqa, que sufri\u00f3 da\u00f1os a manos de los terroristas.<\/span><\/p>\n<p style=\"text-align: justify;\"><span lang=\"ES-TRAD\">El Director General de la Compa\u00f1\u00eda, Yusef Qassem, se\u00f1al\u00f3 en declaraciones a SANA que la rehabilitaci\u00f3n del silo Dabsi Afnan es un paso inicial para rehabilitar los dem\u00e1s que han sido blanco de actos terroristas en la provincia de Raqa.<\/span><\/p>\n<p style=\"text-align: justify;\"><span lang=\"ES-TRAD\">\u201cEl nuevo dep\u00f3sito met\u00e1lico ser\u00e1 construido a partir de tres silos da\u00f1ados, y dar\u00e1 cabida a 15 mil toneladas de trigo\u201d, precis\u00f3, confirmando que el mismo estar\u00e1 listo para recibir el trigo de los agricultores en el pr\u00f3ximo mes de abril.<\/span><\/p>\n<p style=\"text-align: justify;\"><span lang=\"ES-TRAD\">Confirm\u00f3 que su organizaci\u00f3n ya ha elaborado un plan para restaurar de forma paulatina a todos los silos met\u00e1licos afectados en la provincia nororiental, los cuales suman 25 con una capacidad de almacenamiento de 15 mil toneladas cada uno.<\/span><\/p>\n<p style=\"text-align: justify;\"><span lang=\"ES-TRAD\">Kassem revel\u00f3 que se trabaja de forma paralela en Alepo, para rehabilitar y poner en funcionamiento el silo Kafr Jum que abarcar\u00e1 15 mil toneladas de trigo.<\/span><\/p>\n<p style=\"text-align: justify;\"><strong><span style=\"color: #0000ff;\">\u00a0Media Luna Roja Siria env\u00eda convoy de ayuda para la poblaci\u00f3n de Hama<\/span><\/strong><\/p>\n<p style=\"text-align: justify;\"><span lang=\"ES-TRAD\">La Media Luna Roja \u00c1rabe Siria MLRAS distribuy\u00f3 canastas de alimentos a los civiles residentes en la ciudad de Halfaya, en el norte de la provincia central de Hama.<\/span><\/p>\n<p style=\"text-align: justify;\"><span lang=\"ES-TRAD\">El director provincial de MLRAS, Muhammad Watti, dijo que se distribuyeron 1.200 canastas de alimentos a las familias retornadas a la ciudad con el objetivo de mejorar su estabilidad y cubrir una parte de sus necesidades diarias.<\/span><\/p>\n<p style=\"text-align: justify;\"><span lang=\"ES-TRAD\">La ayuda incluye insumos b\u00e1sicos como az\u00facar, aceite, lentejas, arroz y macarrones.<\/span><\/p>\n<p style=\"text-align: justify;\"><span lang=\"ES-TRAD\">El mes pasado, la sucursal de Hama distribuy\u00f3 1.090 canastas de alimentos a familias que residen en Halfaya.<\/span><\/p>\n<p style=\"text-align: justify;\"><strong><span style=\"color: #0000ff;\">Concluyen preparativos para restaurar la termoel\u00e9ctrica de Alepo afectada por el terrorismo<\/span><\/strong><\/p>\n<p style=\"text-align: justify;\"><span lang=\"ES-TRAD\">La Empresa Estatal de Electricidad se prepara para rehabilitar la central de energ\u00eda termoel\u00e9ctrica destruida por el terrorismo, con el objetivo de poner en servicio los grupos I y V de generaci\u00f3n durante un per\u00edodo de 23 meses.<\/span><\/p>\n<p style=\"text-align: justify;\"><span lang=\"ES-TRAD\">El gerente de la empresa, Mohammed MazenSamakia, explic\u00f3 a la agencia SANA que los equipos de la empresa comenzar\u00e1n las obras de rehabilitaci\u00f3n y restauraci\u00f3n bajo la supervisi\u00f3n de expertos iran\u00edes en la central que consta de cinco grupos electr\u00f3genos de vapor, cada uno con capacidad de 213 megavatios.<\/span><\/p>\n<p style=\"text-align: justify;\"><span lang=\"ES-TRAD\">\u00a8Enfrentamos dificultades para rehabilitar la planta debido al injusto bloqueo y las sanciones occidentales impuestas contra Siria\u00a8 agreg\u00f3.<\/span><\/p>\n<p style=\"text-align: justify;\"><span lang=\"ES-TRAD\">Cabe destacar que esa central fue liberada por los h\u00e9roes del ej\u00e9rcito \u00e1rabe sirio en 2016 y es uno de los proyectos completados por la japonesa Mitsubishi Corporation y se ha puesto en servicio desde 1997.<\/span><\/p>\n<\/div>\n<p style=\"text-align: justify;\"><span style=\"color: #0000ff;\"><strong>fm\/ws<\/strong><\/span><\/p>\n<\/div>\n<div style=\"text-align: justify;\"><\/div>\n","protected":false},"excerpt":{"rendered":"<p>Damasco, SANA A continuaci\u00f3n un resumen de las noticias econ\u00f3micas m\u00e1s importantes de Siria durante la semana reci\u00e9n concluida. Presidente Al-Assad promulga una ley para crear bancos para financiar a microproyectos El presidente Bashar al-Assad, emiti\u00f3 la Ley No. 8 para el a\u00f1o 2021, que estipula la creaci\u00f3n de bancos para la financiaci\u00f3n de peque\u00f1os &hellip;<\/p>\n","protected":false},"author":35,"featured_media":170175,"comment_status":"closed","ping_status":"closed","sticky":false,"template":"","format":"standard","meta":{"footnotes":""},"categories":[597,16686,485,7541,1],"tags":[],"class_list":["post-170140","post","type-post","status-publish","format-standard","has-post-thumbnail","","category-cinta-de-noticias","category-economia","category-informes-negocios-y-finanzas","category-ultimas-noticias","category-news-not-sorted"],"_links":{"self":[{"href":"https:\/\/archive.sana.sy\/es\/index.php?rest_route=\/wp\/v2\/posts\/170140"}],"collection":[{"href":"https:\/\/archive.sana.sy\/es\/index.php?rest_route=\/wp\/v2\/posts"}],"about":[{"href":"https:\/\/archive.sana.sy\/es\/index.php?rest_route=\/wp\/v2\/types\/post"}],"author":[{"embeddable":true,"href":"https:\/\/archive.sana.sy\/es\/index.php?rest_route=\/wp\/v2\/users\/35"}],"replies":[{"embeddable":true,"href":"https:\/\/archive.sana.sy\/es\/index.php?rest_route=%2Fwp%2Fv2%2Fcomments&post=170140"}],"version-history":[{"count":0,"href":"https:\/\/archive.sana.sy\/es\/index.php?rest_route=\/wp\/v2\/posts\/170140\/revisions"}],"wp:featuredmedia":[{"embeddable":true,"href":"https:\/\/archive.sana.sy\/es\/index.php?rest_route=\/wp\/v2\/media\/170175"}],"wp:attachment":[{"href":"https:\/\/archive.sana.sy\/es\/index.php?rest_route=%2Fwp%2Fv2%2Fmedia&parent=170140"}],"wp:term":[{"taxonomy":"category","embeddable":true,"href":"https:\/\/archive.sana.sy\/es\/index.php?rest_route=%2Fwp%2Fv2%2Fcategories&post=170140"},{"taxonomy":"post_tag","embeddable":true,"href":"https:\/\/archive.sana.sy\/es\/index.php?rest_route=%2Fwp%2Fv2%2Ftags&post=170140"}],"curies":[{"name":"wp","href":"https:\/\/api.w.org\/{rel}","templated":true}]}}