{"id":170152,"date":"2021-02-21T13:44:04","date_gmt":"2021-02-21T11:44:04","guid":{"rendered":"http:\/\/107.6.182.27\/es\/?p=170152"},"modified":"2021-02-21T17:56:37","modified_gmt":"2021-02-21T15:56:37","slug":"abren-un-corredor-en-idlib-para-recibir-a-quienes-deseen-regresar-a-sus-areas-liberadas-del-terrorismo","status":"publish","type":"post","link":"https:\/\/archive.sana.sy\/es\/?p=170152","title":{"rendered":"Abren un corredor en Idlib para recibir a quienes deseen regresar a sus \u00e1reas liberadas del terrorismo"},"content":{"rendered":"<p style=\"text-align: justify;\"><span style=\"color: #800000;\"><strong>Idlib, SANA<\/strong><\/span><\/p>\n<p style=\"text-align: justify;\">La Gobernaci\u00f3n de Idlib, en coordinaci\u00f3n con el Ej\u00e9rcito \u00c1rabe Sirio y la Media Luna Roja \u00c1rabe Siria, completaron los sus preparativos para abrir el corredor de Tarnbah en el municipio de Saraqib en el este de la provincia de Idlib.<\/p>\n<p style=\"text-align: justify;\">El objetivo es recibir a las personas que quieren abandonar las \u00e1reas bajo control de los terroristas para volver a sus pueblos y aldeas liberadas del terrorismo.<\/p>\n<p style=\"text-align: justify;\">El gobernador de Idlib, Muhammad Natouf, declar\u00f3 a SANA que un equipo m\u00e9dico completo con una cl\u00ednica m\u00f3vil y una ambulancia equipada est\u00e1 en plena disposici\u00f3n para recibir a las personas que deseen regresar y brindar los servicios m\u00e9dicos necesarios en el corredor.<\/p>\n<p style=\"text-align: justify;\">Agreg\u00f3 que la Media Luna Roja \u00c1rabe Siria proporciona puso a sus equipos en el corredor para brindar asistencia a quienes deseen regresar.<\/p>\n<p style=\"text-align: justify;\">Explic\u00f3 que se prepar\u00f3 un centro de residencia temporal para familias y personas que deseen regresar en el barrio Sabeel en la ciudad de Hama, donde se proporcionar\u00e1n todas las facilidades necesarias para garantizar el regreso de las personas a sus hogares en los pueblos liberados del terrorismo.<\/p>\n<p style=\"text-align: justify;\">Por su parte, Muhammad Wati, jefe de la filial de la Media Luna Roja \u00c1rabe Siria en Idlib y Hama, dijo que se tres equipos de la organizaci\u00f3n evaluar\u00e1n la situaci\u00f3n de las familias que llegan al corredor para satisfacer sus necesidades humanitarias, adem\u00e1s de asegurar su acceso al centro de residencia temporal en Hama.<\/p>\n<p style=\"text-align: justify;\"><strong><span style=\"color: #0000ff;\">fm\/ed<\/span><\/strong><\/p>\n","protected":false},"excerpt":{"rendered":"<p>Idlib, SANA La Gobernaci\u00f3n de Idlib, en coordinaci\u00f3n con el Ej\u00e9rcito \u00c1rabe Sirio y la Media Luna Roja \u00c1rabe Siria, completaron los sus preparativos para abrir el corredor de Tarnbah en el municipio de Saraqib en el este de la provincia de Idlib. El objetivo es recibir a las personas que quieren abandonar las \u00e1reas &hellip;<\/p>\n","protected":false},"author":32,"featured_media":170153,"comment_status":"closed","ping_status":"closed","sticky":false,"template":"","format":"standard","meta":{"footnotes":""},"categories":[477,597,476,583],"tags":[],"class_list":["post-170152","post","type-post","status-publish","format-standard","has-post-thumbnail","","category-noticias-edulcorantes","category-cinta-de-noticias","category-locales","category-slide"],"_links":{"self":[{"href":"https:\/\/archive.sana.sy\/es\/index.php?rest_route=\/wp\/v2\/posts\/170152"}],"collection":[{"href":"https:\/\/archive.sana.sy\/es\/index.php?rest_route=\/wp\/v2\/posts"}],"about":[{"href":"https:\/\/archive.sana.sy\/es\/index.php?rest_route=\/wp\/v2\/types\/post"}],"author":[{"embeddable":true,"href":"https:\/\/archive.sana.sy\/es\/index.php?rest_route=\/wp\/v2\/users\/32"}],"replies":[{"embeddable":true,"href":"https:\/\/archive.sana.sy\/es\/index.php?rest_route=%2Fwp%2Fv2%2Fcomments&post=170152"}],"version-history":[{"count":0,"href":"https:\/\/archive.sana.sy\/es\/index.php?rest_route=\/wp\/v2\/posts\/170152\/revisions"}],"wp:featuredmedia":[{"embeddable":true,"href":"https:\/\/archive.sana.sy\/es\/index.php?rest_route=\/wp\/v2\/media\/170153"}],"wp:attachment":[{"href":"https:\/\/archive.sana.sy\/es\/index.php?rest_route=%2Fwp%2Fv2%2Fmedia&parent=170152"}],"wp:term":[{"taxonomy":"category","embeddable":true,"href":"https:\/\/archive.sana.sy\/es\/index.php?rest_route=%2Fwp%2Fv2%2Fcategories&post=170152"},{"taxonomy":"post_tag","embeddable":true,"href":"https:\/\/archive.sana.sy\/es\/index.php?rest_route=%2Fwp%2Fv2%2Ftags&post=170152"}],"curies":[{"name":"wp","href":"https:\/\/api.w.org\/{rel}","templated":true}]}}