{"id":170158,"date":"2021-02-21T15:04:38","date_gmt":"2021-02-21T13:04:38","guid":{"rendered":"http:\/\/107.6.182.27\/es\/?p=170158"},"modified":"2023-01-09T14:07:56","modified_gmt":"2023-01-09T12:07:56","slug":"rusia-entrega-ayuda-humanitaria-en-provincia-siria-de-deraa","status":"publish","type":"post","link":"https:\/\/archive.sana.sy\/es\/?p=170158","title":{"rendered":"Rusia entrega ayuda humanitaria en provincia siria de Deraa"},"content":{"rendered":"<p style=\"text-align: justify;\"><span style=\"color: #800000;\"><strong>Deraa, SANA<\/strong><\/span><\/p>\n<p style=\"text-align: justify;\">Fue distribuida hoy asistencia humanitaria proporcionada por la Federaci\u00f3n de Rusia a los lugare\u00f1os de la localidad de Kafr Nasij, al en la provincia de Deraa en el sur de Siria.<\/p>\n<p style=\"text-align: justify;\">El miembro de la Oficina Ejecutiva del Consejo Provincial de Deraa, Abdullah Al-Falah, dijo que la ayuda es una muestra de las profundas relaciones entre los pueblos el sirio y el ruso.<\/p>\n<p style=\"text-align: justify;\">La ayuda entregada incluy\u00f3 tres mil 75 canastas individuales que se distribuyeron a las familias de los m\u00e1rtires, los heridos y las m\u00e1s necesitadas.<\/p>\n<p style=\"text-align: justify;\">El alcalde de Deir al-Adas, Muhammad al-Nabulsi, indic\u00f3 que la ayuda es una afirmaci\u00f3n de la posici\u00f3n de Rusia por Siria en su guerra contra el terrorismo.<\/p>\n<p style=\"text-align: justify;\"><strong><span style=\"color: #0000ff;\">ed\/fm<\/span><\/strong><\/p>\n","protected":false},"excerpt":{"rendered":"<p>Deraa, SANA Fue distribuida hoy asistencia humanitaria proporcionada por la Federaci\u00f3n de Rusia a los lugare\u00f1os de la localidad de Kafr Nasij, al en la provincia de Deraa en el sur de Siria. El miembro de la Oficina Ejecutiva del Consejo Provincial de Deraa, Abdullah Al-Falah, dijo que la ayuda es una muestra de las &hellip;<\/p>\n","protected":false},"author":32,"featured_media":170161,"comment_status":"closed","ping_status":"closed","sticky":false,"template":"","format":"standard","meta":{"footnotes":""},"categories":[597,476,7541],"tags":[],"class_list":["post-170158","post","type-post","status-publish","format-standard","has-post-thumbnail","","category-cinta-de-noticias","category-locales","category-ultimas-noticias"],"_links":{"self":[{"href":"https:\/\/archive.sana.sy\/es\/index.php?rest_route=\/wp\/v2\/posts\/170158"}],"collection":[{"href":"https:\/\/archive.sana.sy\/es\/index.php?rest_route=\/wp\/v2\/posts"}],"about":[{"href":"https:\/\/archive.sana.sy\/es\/index.php?rest_route=\/wp\/v2\/types\/post"}],"author":[{"embeddable":true,"href":"https:\/\/archive.sana.sy\/es\/index.php?rest_route=\/wp\/v2\/users\/32"}],"replies":[{"embeddable":true,"href":"https:\/\/archive.sana.sy\/es\/index.php?rest_route=%2Fwp%2Fv2%2Fcomments&post=170158"}],"version-history":[{"count":0,"href":"https:\/\/archive.sana.sy\/es\/index.php?rest_route=\/wp\/v2\/posts\/170158\/revisions"}],"wp:featuredmedia":[{"embeddable":true,"href":"https:\/\/archive.sana.sy\/es\/index.php?rest_route=\/wp\/v2\/media\/170161"}],"wp:attachment":[{"href":"https:\/\/archive.sana.sy\/es\/index.php?rest_route=%2Fwp%2Fv2%2Fmedia&parent=170158"}],"wp:term":[{"taxonomy":"category","embeddable":true,"href":"https:\/\/archive.sana.sy\/es\/index.php?rest_route=%2Fwp%2Fv2%2Fcategories&post=170158"},{"taxonomy":"post_tag","embeddable":true,"href":"https:\/\/archive.sana.sy\/es\/index.php?rest_route=%2Fwp%2Fv2%2Ftags&post=170158"}],"curies":[{"name":"wp","href":"https:\/\/api.w.org\/{rel}","templated":true}]}}