{"id":170317,"date":"2021-02-22T15:37:08","date_gmt":"2021-02-22T13:37:08","guid":{"rendered":"http:\/\/107.6.182.27\/es\/?p=170317"},"modified":"2021-02-22T15:37:08","modified_gmt":"2021-02-22T13:37:08","slug":"rohani-reafirma-el-apoyo-de-iran-a-una-solucion-politica-de-la-crisis-de-siria","status":"publish","type":"post","link":"https:\/\/archive.sana.sy\/es\/?p=170317","title":{"rendered":"Rohani reafirma el apoyo de Ir\u00e1n a una soluci\u00f3n pol\u00edtica de la crisis de Siria"},"content":{"rendered":"<p style=\"text-align: justify;\"><span style=\"color: #800000;\"><strong>Teher\u00e1n, SANA<\/strong><\/span><\/p>\n<p style=\"text-align: justify;\">El presidente iran\u00ed, Hassan Rohani, ratific\u00f3 la posici\u00f3n firme de su pa\u00eds en apoyo a una soluci\u00f3n pol\u00edtica a la crisis siria.<\/p>\n<p style=\"text-align: justify;\">El mandatario afirm\u00f3 tambi\u00e9n durante una llamada v\u00eda telef\u00f3nica con el presidente del r\u00e9gimen turco, Recep Tayyip Erdogan, la continuaci\u00f3n de las conversaciones entre los tres pa\u00edses garantes (Rusia, Ir\u00e1n y Turqu\u00eda) dentro de la f\u00f3rmula de Astan\u00e1, con el fin de contribuir a crear condiciones para el regreso de los sirios desplazados por el terrorismo a sus hogares y prestar especial atenci\u00f3n al trabajo del Comit\u00e9 de Discusi\u00f3n de la Constituci\u00f3n.<\/p>\n<p style=\"text-align: justify;\"><strong><span style=\"color: #0000ff;\">fm\/ed<\/span><\/strong><\/p>\n<p style=\"text-align: justify;\">\n","protected":false},"excerpt":{"rendered":"<p>Teher\u00e1n, SANA El presidente iran\u00ed, Hassan Rohani, ratific\u00f3 la posici\u00f3n firme de su pa\u00eds en apoyo a una soluci\u00f3n pol\u00edtica a la crisis siria. El mandatario afirm\u00f3 tambi\u00e9n durante una llamada v\u00eda telef\u00f3nica con el presidente del r\u00e9gimen turco, Recep Tayyip Erdogan, la continuaci\u00f3n de las conversaciones entre los tres pa\u00edses garantes (Rusia, Ir\u00e1n y &hellip;<\/p>\n","protected":false},"author":32,"featured_media":170318,"comment_status":"closed","ping_status":"closed","sticky":false,"template":"","format":"standard","meta":{"footnotes":""},"categories":[597,467],"tags":[],"class_list":["post-170317","post","type-post","status-publish","format-standard","has-post-thumbnail","","category-cinta-de-noticias","category-siria-y-el-mundo"],"_links":{"self":[{"href":"https:\/\/archive.sana.sy\/es\/index.php?rest_route=\/wp\/v2\/posts\/170317"}],"collection":[{"href":"https:\/\/archive.sana.sy\/es\/index.php?rest_route=\/wp\/v2\/posts"}],"about":[{"href":"https:\/\/archive.sana.sy\/es\/index.php?rest_route=\/wp\/v2\/types\/post"}],"author":[{"embeddable":true,"href":"https:\/\/archive.sana.sy\/es\/index.php?rest_route=\/wp\/v2\/users\/32"}],"replies":[{"embeddable":true,"href":"https:\/\/archive.sana.sy\/es\/index.php?rest_route=%2Fwp%2Fv2%2Fcomments&post=170317"}],"version-history":[{"count":0,"href":"https:\/\/archive.sana.sy\/es\/index.php?rest_route=\/wp\/v2\/posts\/170317\/revisions"}],"wp:featuredmedia":[{"embeddable":true,"href":"https:\/\/archive.sana.sy\/es\/index.php?rest_route=\/wp\/v2\/media\/170318"}],"wp:attachment":[{"href":"https:\/\/archive.sana.sy\/es\/index.php?rest_route=%2Fwp%2Fv2%2Fmedia&parent=170317"}],"wp:term":[{"taxonomy":"category","embeddable":true,"href":"https:\/\/archive.sana.sy\/es\/index.php?rest_route=%2Fwp%2Fv2%2Fcategories&post=170317"},{"taxonomy":"post_tag","embeddable":true,"href":"https:\/\/archive.sana.sy\/es\/index.php?rest_route=%2Fwp%2Fv2%2Ftags&post=170317"}],"curies":[{"name":"wp","href":"https:\/\/api.w.org\/{rel}","templated":true}]}}