{"id":170321,"date":"2021-02-22T15:47:57","date_gmt":"2021-02-22T13:47:57","guid":{"rendered":"http:\/\/107.6.182.27\/es\/?p=170321"},"modified":"2021-02-22T19:21:03","modified_gmt":"2021-02-22T17:21:03","slug":"mekdad-insta-al-consejo-de-dd-hh-que-levante-las-medidas-coercitivas-unilaterales-impuestas-a-siria","status":"publish","type":"post","link":"https:\/\/archive.sana.sy\/es\/?p=170321","title":{"rendered":"Canciller Mekdad pronuncia palabras de Siria ante la 46\u00aa sesi\u00f3n del Consejo de DD.HH"},"content":{"rendered":"<p style=\"text-align: justify;\"><span style=\"color: #800000;\">Damasco, SANA<\/span><\/p>\n<p style=\"text-align: justify;\">El Ministro de Exteriores y Expatriados, Faisal Mekdad, denunci\u00f3 el negativo efecto humanitario de las medidas coercitivas unilaterales impuestas por Occidente al pueblo sirio.<\/p>\n<p style=\"text-align: justify;\">\u201cMienten aquellos que alegan que las medidas coercitivas impuestas al pueblo sirio no afectan a los ciudadanos comunes porque las mismas tocan en primer lugar a esos ciudadanos\u201d, afirm\u00f3 el canciller en sus palabras transmitidas por videoconferencia ante la 46\u00aa sesi\u00f3n del Consejo de Derechos Humanos en Ginebra.<\/p>\n<p style=\"text-align: justify;\">Pidi\u00f3 al Consejo de Derechos Humanos que d\u00e9 m\u00e1xima prioridad a las graves y generalizadas violaciones resultantes de esas medidas coercitivas y que trabaje para levantarlas.<\/p>\n<p style=\"text-align: justify;\">\u201cAlgunos pa\u00edses explotan el sufrimiento de los sirios y promueven informaci\u00f3n enga\u00f1osa y tergiversadoras y se niegan a admitir que el terrorismo que crearon y emplearon es la causa fundamental de este sufrimiento\u201d, dijo el jefe de la diplomacia siria.<\/p>\n<p style=\"text-align: justify;\">Aclar\u00f3 que algunos de los que aprobaron proyectos de resoluci\u00f3n relacionados con Siria y otros pa\u00edses en el Consejo de Derechos Humanos son los que m\u00e1s violan los derechos humanos.<\/p>\n<p style=\"text-align: justify;\">Asimismo, reiter\u00f3 el derecho inalienable de la Rep\u00fablica \u00c1rabe Siria en el Gol\u00e1n sirio ocupado. \u201cEs un derecho garantizado por los marcos referenciales y los cimientos s\u00f3lidos en virtud del derecho internacional, y las acciones unilaterales que intentan aprovechar las circunstancias excepcionales que atravesamos van contra esta realidad y son procedimientos nulos\u201d, indic\u00f3.<\/p>\n<p style=\"text-align: justify;\">Denunci\u00f3 la forma inhumana en que las autoridades de ocupaci\u00f3n israel\u00edes tratan a los ciudadanos del Gol\u00e1n y pidi\u00f3 condena a la forma en que trata el ocupante sionista con la ciudadana Nihal Al-Al-Muqt.<\/p>\n<p style=\"text-align: justify;\">Ratific\u00f3 el firme apoyo de Siria al derecho del pueblo palestino en el establecimiento de su estado independiente con su capital Jerusal\u00e9n en las fronteras del 4 de junio de 1967, y garantizar el derecho de los refugiados a regresar en cumplimiento de las resoluciones pertinentes de las Naciones Unidas.<\/p>\n<p style=\"text-align: justify;\">Concluy\u00f3 sus palabras con reafirmar que la cooperaci\u00f3n internacional basada en el respeto a las disposiciones de la Carta de las Naciones Unidas es la piedra angular para la protecci\u00f3n y promoci\u00f3n de los derechos humanos. \u201cSiria est\u00e1 dispuesta a continuar el trabajo conjunto en el marco del Consejo de manera que fortalezca su papel como mecanismo internacional para promover el respeto universal de los derechos humanos de acuerdo con los principios de neutralidad, objetividad e inclusi\u00f3n\u201d, enfatiz\u00f3.<\/p>\n<p style=\"text-align: justify;\"><span style=\"color: #0000ff;\"><strong>fm\/ed<\/strong><\/span><\/p>\n","protected":false},"excerpt":{"rendered":"<p>Damasco, SANA El Ministro de Exteriores y Expatriados, Faisal Mekdad, denunci\u00f3 el negativo efecto humanitario de las medidas coercitivas unilaterales impuestas por Occidente al pueblo sirio. \u201cMienten aquellos que alegan que las medidas coercitivas impuestas al pueblo sirio no afectan a los ciudadanos comunes porque las mismas tocan en primer lugar a esos ciudadanos\u201d, afirm\u00f3 &hellip;<\/p>\n","protected":false},"author":32,"featured_media":170322,"comment_status":"closed","ping_status":"closed","sticky":false,"template":"","format":"standard","meta":{"footnotes":""},"categories":[477,597,476,583],"tags":[],"class_list":["post-170321","post","type-post","status-publish","format-standard","has-post-thumbnail","","category-noticias-edulcorantes","category-cinta-de-noticias","category-locales","category-slide"],"_links":{"self":[{"href":"https:\/\/archive.sana.sy\/es\/index.php?rest_route=\/wp\/v2\/posts\/170321"}],"collection":[{"href":"https:\/\/archive.sana.sy\/es\/index.php?rest_route=\/wp\/v2\/posts"}],"about":[{"href":"https:\/\/archive.sana.sy\/es\/index.php?rest_route=\/wp\/v2\/types\/post"}],"author":[{"embeddable":true,"href":"https:\/\/archive.sana.sy\/es\/index.php?rest_route=\/wp\/v2\/users\/32"}],"replies":[{"embeddable":true,"href":"https:\/\/archive.sana.sy\/es\/index.php?rest_route=%2Fwp%2Fv2%2Fcomments&post=170321"}],"version-history":[{"count":0,"href":"https:\/\/archive.sana.sy\/es\/index.php?rest_route=\/wp\/v2\/posts\/170321\/revisions"}],"wp:featuredmedia":[{"embeddable":true,"href":"https:\/\/archive.sana.sy\/es\/index.php?rest_route=\/wp\/v2\/media\/170322"}],"wp:attachment":[{"href":"https:\/\/archive.sana.sy\/es\/index.php?rest_route=%2Fwp%2Fv2%2Fmedia&parent=170321"}],"wp:term":[{"taxonomy":"category","embeddable":true,"href":"https:\/\/archive.sana.sy\/es\/index.php?rest_route=%2Fwp%2Fv2%2Fcategories&post=170321"},{"taxonomy":"post_tag","embeddable":true,"href":"https:\/\/archive.sana.sy\/es\/index.php?rest_route=%2Fwp%2Fv2%2Ftags&post=170321"}],"curies":[{"name":"wp","href":"https:\/\/api.w.org\/{rel}","templated":true}]}}