{"id":170639,"date":"2021-02-25T15:18:19","date_gmt":"2021-02-25T13:18:19","guid":{"rendered":"http:\/\/107.6.182.27\/es\/?p=170639"},"modified":"2023-01-10T15:14:27","modified_gmt":"2023-01-10T13:14:27","slug":"conversaciones-sirio-jordanas-para-activar-el-intercambio-comercial-y-el-movimiento-de-transito","status":"publish","type":"post","link":"https:\/\/archive.sana.sy\/es\/?p=170639","title":{"rendered":"Conversaciones sirio-jordanas para activar el intercambio comercial y el movimiento de tr\u00e1nsito"},"content":{"rendered":"<p style=\"text-align: justify;\"><span style=\"color: #800000;\"><strong>Damasco, SANA<\/strong><\/span><\/p>\n<p style=\"text-align: justify;\">El ministro de Comercio Interior y Protecci\u00f3n al Consumidor, Talal Al-Barazi, convers\u00f3 hoy con una delegaci\u00f3n de la C\u00e1mara de Comercio de Jordania encabezada por Nael Kabariti, sobre la activaci\u00f3n de las relaciones de cooperaci\u00f3n econ\u00f3mica y el intercambio comercial entre los dos pa\u00edses.<\/p>\n<p style=\"text-align: justify;\">El Ministro Al-Barazi afirm\u00f3 que Siria est\u00e1 dispuesta a proporcionar todas las formas de apoyo y las facilidades necesarias para revitalizar el movimiento de cooperaci\u00f3n econ\u00f3mica y el intercambio comercial, especialmente el comercio de tr\u00e1nsito, debido a su papel vital en impulsar el flujo de mercanc\u00edas entre las dos partes y con los mercados de otros pa\u00edses.<\/p>\n<p style=\"text-align: justify;\">Destac\u00f3 la importancia de intercambiar visitas entre empresarios y miembros de las c\u00e1maras de comercio de los dos pa\u00edses, organizar exposiciones y eventos comerciales, y establecer proyectos de inversi\u00f3n.<\/p>\n<p style=\"text-align: justify;\">Por su parte, Kabariti destac\u00f3 el af\u00e1n de los actores econ\u00f3micos jordanos para activar el movimiento de intercambio comercial con Siria y facilitar el flujo de mercanc\u00edas a los mercados de los dos pa\u00edses, adem\u00e1s de eliminar todos los obst\u00e1culos y problemas que dificultan eso.<\/p>\n<p style=\"text-align: justify;\"><strong><span style=\"color: #0000ff;\">fm\/ed<\/span><\/strong><\/p>\n","protected":false},"excerpt":{"rendered":"<p>Damasco, SANA El ministro de Comercio Interior y Protecci\u00f3n al Consumidor, Talal Al-Barazi, convers\u00f3 hoy con una delegaci\u00f3n de la C\u00e1mara de Comercio de Jordania encabezada por Nael Kabariti, sobre la activaci\u00f3n de las relaciones de cooperaci\u00f3n econ\u00f3mica y el intercambio comercial entre los dos pa\u00edses. El Ministro Al-Barazi afirm\u00f3 que Siria est\u00e1 dispuesta a &hellip;<\/p>\n","protected":false},"author":32,"featured_media":170640,"comment_status":"closed","ping_status":"closed","sticky":false,"template":"","format":"standard","meta":{"footnotes":""},"categories":[597,485,7541],"tags":[],"class_list":["post-170639","post","type-post","status-publish","format-standard","has-post-thumbnail","","category-cinta-de-noticias","category-informes-negocios-y-finanzas","category-ultimas-noticias"],"_links":{"self":[{"href":"https:\/\/archive.sana.sy\/es\/index.php?rest_route=\/wp\/v2\/posts\/170639"}],"collection":[{"href":"https:\/\/archive.sana.sy\/es\/index.php?rest_route=\/wp\/v2\/posts"}],"about":[{"href":"https:\/\/archive.sana.sy\/es\/index.php?rest_route=\/wp\/v2\/types\/post"}],"author":[{"embeddable":true,"href":"https:\/\/archive.sana.sy\/es\/index.php?rest_route=\/wp\/v2\/users\/32"}],"replies":[{"embeddable":true,"href":"https:\/\/archive.sana.sy\/es\/index.php?rest_route=%2Fwp%2Fv2%2Fcomments&post=170639"}],"version-history":[{"count":0,"href":"https:\/\/archive.sana.sy\/es\/index.php?rest_route=\/wp\/v2\/posts\/170639\/revisions"}],"wp:featuredmedia":[{"embeddable":true,"href":"https:\/\/archive.sana.sy\/es\/index.php?rest_route=\/wp\/v2\/media\/170640"}],"wp:attachment":[{"href":"https:\/\/archive.sana.sy\/es\/index.php?rest_route=%2Fwp%2Fv2%2Fmedia&parent=170639"}],"wp:term":[{"taxonomy":"category","embeddable":true,"href":"https:\/\/archive.sana.sy\/es\/index.php?rest_route=%2Fwp%2Fv2%2Fcategories&post=170639"},{"taxonomy":"post_tag","embeddable":true,"href":"https:\/\/archive.sana.sy\/es\/index.php?rest_route=%2Fwp%2Fv2%2Ftags&post=170639"}],"curies":[{"name":"wp","href":"https:\/\/api.w.org\/{rel}","templated":true}]}}