{"id":170749,"date":"2021-02-26T13:44:12","date_gmt":"2021-02-26T11:44:12","guid":{"rendered":"http:\/\/107.6.182.27\/es\/?p=170749"},"modified":"2021-02-26T13:44:12","modified_gmt":"2021-02-26T11:44:12","slug":"siria-aborta-nuevo-intento-de-narcotrafico-hacia-jordania","status":"publish","type":"post","link":"https:\/\/archive.sana.sy\/es\/?p=170749","title":{"rendered":"Siria aborta nuevo intento de narcotr\u00e1fico hacia Jordania"},"content":{"rendered":"<p style=\"text-align: justify;\"><span style=\"color: #800000;\"><strong>Sweida, SANA<\/strong><\/span><\/p>\n<p style=\"text-align: justify;\">Las autoridades competentes incautaron grandes cantidades de narc\u00f3ticos en la frontera sur de la provincia de Sweida que iban a ser contrabandeadas a Jordania.<\/p>\n<p style=\"text-align: justify;\">Las autoridades competentes comunicaron al reportero de SANA que como resultado de un minucioso proceso de seguimiento y continuas investigaciones sobre traficantes y promotores de narc\u00f3ticos, y en cooperaci\u00f3n con los residentes, se incautaron grandes cantidades de hach\u00eds, pastillas y captag\u00f3n que estaban preparados para ser introducidos en Jordania.<\/p>\n<p style=\"text-align: justify;\">La fuente indic\u00f3 que varios de los implicados en el narcotr\u00e1fico fueron detenidos durante la operaci\u00f3n.<\/p>\n<p style=\"text-align: justify;\"><strong><span style=\"color: #0000ff;\">ah\/fm<\/span><\/strong><\/p>\n<div id='gallery-1' class='gallery galleryid-170749 gallery-columns-1 gallery-size-full'><figure class='gallery-item'>\n\t\t\t<div class='gallery-icon landscape'>\n\t\t\t\t<a href='https:\/\/archive.sana.sy\/es\/wp-content\/uploads\/2021\/02\/3-1-1-scaled.jpg'><img loading=\"lazy\" decoding=\"async\" width=\"2560\" height=\"1426\" src=\"https:\/\/archive.sana.sy\/es\/wp-content\/uploads\/2021\/02\/3-1-1-scaled.jpg\" class=\"attachment-full size-full\" alt=\"\" srcset=\"https:\/\/archive.sana.sy\/es\/wp-content\/uploads\/2021\/02\/3-1-1-scaled.jpg 2560w, https:\/\/archive.sana.sy\/es\/wp-content\/uploads\/2021\/02\/3-1-1-300x167.jpg 300w, https:\/\/archive.sana.sy\/es\/wp-content\/uploads\/2021\/02\/3-1-1-1024x571.jpg 1024w, https:\/\/archive.sana.sy\/es\/wp-content\/uploads\/2021\/02\/3-1-1-150x84.jpg 150w, https:\/\/archive.sana.sy\/es\/wp-content\/uploads\/2021\/02\/3-1-1-768x428.jpg 768w, https:\/\/archive.sana.sy\/es\/wp-content\/uploads\/2021\/02\/3-1-1-1536x856.jpg 1536w, https:\/\/archive.sana.sy\/es\/wp-content\/uploads\/2021\/02\/3-1-1-2048x1141.jpg 2048w\" sizes=\"(max-width: 2560px) 100vw, 2560px\" \/><\/a>\n\t\t\t<\/div><\/figure><figure class='gallery-item'>\n\t\t\t<div class='gallery-icon landscape'>\n\t\t\t\t<a href='https:\/\/archive.sana.sy\/es\/wp-content\/uploads\/2021\/02\/3-9-1-scaled.jpg'><img loading=\"lazy\" decoding=\"async\" width=\"2560\" height=\"1311\" src=\"https:\/\/archive.sana.sy\/es\/wp-content\/uploads\/2021\/02\/3-9-1-scaled.jpg\" class=\"attachment-full size-full\" alt=\"\" srcset=\"https:\/\/archive.sana.sy\/es\/wp-content\/uploads\/2021\/02\/3-9-1-scaled.jpg 2560w, https:\/\/archive.sana.sy\/es\/wp-content\/uploads\/2021\/02\/3-9-1-300x154.jpg 300w, https:\/\/archive.sana.sy\/es\/wp-content\/uploads\/2021\/02\/3-9-1-1024x525.jpg 1024w, https:\/\/archive.sana.sy\/es\/wp-content\/uploads\/2021\/02\/3-9-1-150x77.jpg 150w, https:\/\/archive.sana.sy\/es\/wp-content\/uploads\/2021\/02\/3-9-1-768x393.jpg 768w, https:\/\/archive.sana.sy\/es\/wp-content\/uploads\/2021\/02\/3-9-1-1536x787.jpg 1536w, https:\/\/archive.sana.sy\/es\/wp-content\/uploads\/2021\/02\/3-9-1-2048x1049.jpg 2048w\" sizes=\"(max-width: 2560px) 100vw, 2560px\" \/><\/a>\n\t\t\t<\/div><\/figure><figure class='gallery-item'>\n\t\t\t<div class='gallery-icon landscape'>\n\t\t\t\t<a href='https:\/\/archive.sana.sy\/es\/wp-content\/uploads\/2021\/02\/3-17-scaled.jpg'><img loading=\"lazy\" decoding=\"async\" width=\"2560\" height=\"1504\" src=\"https:\/\/archive.sana.sy\/es\/wp-content\/uploads\/2021\/02\/3-17-scaled.jpg\" class=\"attachment-full size-full\" alt=\"\" srcset=\"https:\/\/archive.sana.sy\/es\/wp-content\/uploads\/2021\/02\/3-17-scaled.jpg 2560w, https:\/\/archive.sana.sy\/es\/wp-content\/uploads\/2021\/02\/3-17-300x176.jpg 300w, https:\/\/archive.sana.sy\/es\/wp-content\/uploads\/2021\/02\/3-17-1024x601.jpg 1024w, https:\/\/archive.sana.sy\/es\/wp-content\/uploads\/2021\/02\/3-17-150x88.jpg 150w, https:\/\/archive.sana.sy\/es\/wp-content\/uploads\/2021\/02\/3-17-768x451.jpg 768w, https:\/\/archive.sana.sy\/es\/wp-content\/uploads\/2021\/02\/3-17-1536x902.jpg 1536w, https:\/\/archive.sana.sy\/es\/wp-content\/uploads\/2021\/02\/3-17-2048x1203.jpg 2048w\" sizes=\"(max-width: 2560px) 100vw, 2560px\" \/><\/a>\n\t\t\t<\/div><\/figure><figure class='gallery-item'>\n\t\t\t<div class='gallery-icon landscape'>\n\t\t\t\t<a href='https:\/\/archive.sana.sy\/es\/wp-content\/uploads\/2021\/02\/3-20-1-scaled.jpg'><img loading=\"lazy\" decoding=\"async\" width=\"2560\" height=\"1353\" src=\"https:\/\/archive.sana.sy\/es\/wp-content\/uploads\/2021\/02\/3-20-1-scaled.jpg\" class=\"attachment-full size-full\" alt=\"\" srcset=\"https:\/\/archive.sana.sy\/es\/wp-content\/uploads\/2021\/02\/3-20-1-scaled.jpg 2560w, https:\/\/archive.sana.sy\/es\/wp-content\/uploads\/2021\/02\/3-20-1-300x159.jpg 300w, https:\/\/archive.sana.sy\/es\/wp-content\/uploads\/2021\/02\/3-20-1-1024x541.jpg 1024w, https:\/\/archive.sana.sy\/es\/wp-content\/uploads\/2021\/02\/3-20-1-150x79.jpg 150w, https:\/\/archive.sana.sy\/es\/wp-content\/uploads\/2021\/02\/3-20-1-768x406.jpg 768w, https:\/\/archive.sana.sy\/es\/wp-content\/uploads\/2021\/02\/3-20-1-1536x812.jpg 1536w, https:\/\/archive.sana.sy\/es\/wp-content\/uploads\/2021\/02\/3-20-1-2048x1083.jpg 2048w, https:\/\/archive.sana.sy\/es\/wp-content\/uploads\/2021\/02\/3-20-1-310x165.jpg 310w\" sizes=\"(max-width: 2560px) 100vw, 2560px\" \/><\/a>\n\t\t\t<\/div><\/figure>\n\t\t<\/div>\n\n","protected":false},"excerpt":{"rendered":"<p>Sweida, SANA Las autoridades competentes incautaron grandes cantidades de narc\u00f3ticos en la frontera sur de la provincia de Sweida que iban a ser contrabandeadas a Jordania. Las autoridades competentes comunicaron al reportero de SANA que como resultado de un minucioso proceso de seguimiento y continuas investigaciones sobre traficantes y promotores de narc\u00f3ticos, y en cooperaci\u00f3n &hellip;<\/p>\n","protected":false},"author":30,"featured_media":170750,"comment_status":"closed","ping_status":"closed","sticky":false,"template":"","format":"standard","meta":{"footnotes":""},"categories":[597,573,476,7541],"tags":[18850],"class_list":["post-170749","post","type-post","status-publish","format-standard","has-post-thumbnail","","category-cinta-de-noticias","category-la-realidad-de-los-acontecimientos-en-siria","category-locales","category-ultimas-noticias","tag-siria-aborta-nuevo-intento-de-narcotrafico-hacia-jordania"],"_links":{"self":[{"href":"https:\/\/archive.sana.sy\/es\/index.php?rest_route=\/wp\/v2\/posts\/170749"}],"collection":[{"href":"https:\/\/archive.sana.sy\/es\/index.php?rest_route=\/wp\/v2\/posts"}],"about":[{"href":"https:\/\/archive.sana.sy\/es\/index.php?rest_route=\/wp\/v2\/types\/post"}],"author":[{"embeddable":true,"href":"https:\/\/archive.sana.sy\/es\/index.php?rest_route=\/wp\/v2\/users\/30"}],"replies":[{"embeddable":true,"href":"https:\/\/archive.sana.sy\/es\/index.php?rest_route=%2Fwp%2Fv2%2Fcomments&post=170749"}],"version-history":[{"count":0,"href":"https:\/\/archive.sana.sy\/es\/index.php?rest_route=\/wp\/v2\/posts\/170749\/revisions"}],"wp:featuredmedia":[{"embeddable":true,"href":"https:\/\/archive.sana.sy\/es\/index.php?rest_route=\/wp\/v2\/media\/170750"}],"wp:attachment":[{"href":"https:\/\/archive.sana.sy\/es\/index.php?rest_route=%2Fwp%2Fv2%2Fmedia&parent=170749"}],"wp:term":[{"taxonomy":"category","embeddable":true,"href":"https:\/\/archive.sana.sy\/es\/index.php?rest_route=%2Fwp%2Fv2%2Fcategories&post=170749"},{"taxonomy":"post_tag","embeddable":true,"href":"https:\/\/archive.sana.sy\/es\/index.php?rest_route=%2Fwp%2Fv2%2Ftags&post=170749"}],"curies":[{"name":"wp","href":"https:\/\/api.w.org\/{rel}","templated":true}]}}