{"id":170756,"date":"2021-02-26T14:21:41","date_gmt":"2021-02-26T12:21:41","guid":{"rendered":"http:\/\/107.6.182.27\/es\/?p=170756"},"modified":"2021-02-26T14:21:41","modified_gmt":"2021-02-26T12:21:41","slug":"lavrov-estados-unidos-obstaculiza-el-proceso-de-reconstruccion-en-siria","status":"publish","type":"post","link":"https:\/\/archive.sana.sy\/es\/?p=170756","title":{"rendered":"Lavrov: Estados Unidos obstaculiza el proceso de reconstrucci\u00f3n en Siria"},"content":{"rendered":"<p><span style=\"color: #800000;\">Mosc\u00fa, SANA<\/span><\/p>\n<p style=\"text-align: justify;\">El canciller ruso, Sergei Lavrov, reiter\u00f3 que Estados Unidos est\u00e1 presente ilegalmente en Siria y est\u00e1 presionando a otros pa\u00edses para impedir entrega de ayuda humanitaria, adem\u00e1s de obstaculizar el proceso la reconstrucci\u00f3n en el pa\u00eds.<\/p>\n<p style=\"text-align: justify;\">&#8220;Las fuerzas estadounidenses est\u00e1n en Siria ilegalmente y violan el derecho internacional y las resoluciones de la ONU&#8221;, declar\u00f3 Lavrov en una conferencia de prensa con su hom\u00f3logo afgano.<\/p>\n<p style=\"text-align: justify;\">\u201cEn repetidas ocasiones hemos expresado nuestras observaciones relacionadas con las medidas que est\u00e1 tomando Washington en los territorios sirios, incluida la regi\u00f3n de Al-Tanf y el noreste de Siria\u201d, agreg\u00f3.<\/p>\n<p style=\"text-align: justify;\">En otra parte de sus declaraciones, Lavrov se\u00f1al\u00f3 que Estados Unidos est\u00e1 ocupando tierras en Siria, saqueando petr\u00f3leo sirio y apoyando a las milicias separatistas, en flagrante violaci\u00f3n de la Resoluci\u00f3n N \u00b0 2254 del Consejo de Seguridad.<\/p>\n<p style=\"text-align: justify;\">Anteriormente, el vicepresidente primero de la Comisi\u00f3n de Asuntos Exteriores del Consejo de la Federaci\u00f3n rusa, Vladimir Jabarov, conden\u00f3 hoy el ataque estadounidense contra la zona fronteriza entre Irak y Siria, y subray\u00f3 que esta acci\u00f3n es ilegal y constituye un bombardeo al territorio de un Estado soberano.<\/p>\n<p><em>mm<\/em><\/p>\n","protected":false},"excerpt":{"rendered":"<p>Mosc\u00fa, SANA El canciller ruso, Sergei Lavrov, reiter\u00f3 que Estados Unidos est\u00e1 presente ilegalmente en Siria y est\u00e1 presionando a otros pa\u00edses para impedir entrega de ayuda humanitaria, adem\u00e1s de obstaculizar el proceso la reconstrucci\u00f3n en el pa\u00eds. &#8220;Las fuerzas estadounidenses est\u00e1n en Siria ilegalmente y violan el derecho internacional y las resoluciones de la &hellip;<\/p>\n","protected":false},"author":36,"featured_media":170757,"comment_status":"closed","ping_status":"closed","sticky":false,"template":"","format":"standard","meta":{"footnotes":""},"categories":[597,467,7541],"tags":[],"class_list":["post-170756","post","type-post","status-publish","format-standard","has-post-thumbnail","","category-cinta-de-noticias","category-siria-y-el-mundo","category-ultimas-noticias"],"_links":{"self":[{"href":"https:\/\/archive.sana.sy\/es\/index.php?rest_route=\/wp\/v2\/posts\/170756"}],"collection":[{"href":"https:\/\/archive.sana.sy\/es\/index.php?rest_route=\/wp\/v2\/posts"}],"about":[{"href":"https:\/\/archive.sana.sy\/es\/index.php?rest_route=\/wp\/v2\/types\/post"}],"author":[{"embeddable":true,"href":"https:\/\/archive.sana.sy\/es\/index.php?rest_route=\/wp\/v2\/users\/36"}],"replies":[{"embeddable":true,"href":"https:\/\/archive.sana.sy\/es\/index.php?rest_route=%2Fwp%2Fv2%2Fcomments&post=170756"}],"version-history":[{"count":0,"href":"https:\/\/archive.sana.sy\/es\/index.php?rest_route=\/wp\/v2\/posts\/170756\/revisions"}],"wp:featuredmedia":[{"embeddable":true,"href":"https:\/\/archive.sana.sy\/es\/index.php?rest_route=\/wp\/v2\/media\/170757"}],"wp:attachment":[{"href":"https:\/\/archive.sana.sy\/es\/index.php?rest_route=%2Fwp%2Fv2%2Fmedia&parent=170756"}],"wp:term":[{"taxonomy":"category","embeddable":true,"href":"https:\/\/archive.sana.sy\/es\/index.php?rest_route=%2Fwp%2Fv2%2Fcategories&post=170756"},{"taxonomy":"post_tag","embeddable":true,"href":"https:\/\/archive.sana.sy\/es\/index.php?rest_route=%2Fwp%2Fv2%2Ftags&post=170756"}],"curies":[{"name":"wp","href":"https:\/\/api.w.org\/{rel}","templated":true}]}}