{"id":170789,"date":"2021-02-26T13:12:40","date_gmt":"2021-02-26T11:12:40","guid":{"rendered":"http:\/\/107.6.182.27\/es\/?p=170789"},"modified":"2021-02-26T21:25:50","modified_gmt":"2021-02-26T19:25:50","slug":"muere-un-joven-por-estallido-de-mina-remanente-de-terroristas-en-el-sur-de-damasco","status":"publish","type":"post","link":"https:\/\/archive.sana.sy\/es\/?p=170789","title":{"rendered":"Muere un joven por estallido de mina remanente de terroristas en el sur de Damasco"},"content":{"rendered":"<p><span style=\"color: #800000;\">Damasco, SANA<\/span><\/p>\n<p style=\"text-align: justify;\">Un joven perdi\u00f3 la vida por la explosi\u00f3n de una mina remanente de los terroristas en la localidad de Sbeineh, al sur de Damasco.<\/p>\n<p style=\"text-align: justify;\">Fuente policial inform\u00f3 a SANA que la mina explot\u00f3 mientras el joven, un campesino de 25 a\u00f1os, estaba trabajando en su tierra agr\u00edcola en dicha localidad.<\/p>\n<p style=\"text-align: justify;\">Detall\u00f3 que la explosi\u00f3n caus\u00f3 graves heridas a la v\u00edctima quien falleci\u00f3 luego de ser hospitalizado.<\/p>\n<p style=\"text-align: justify;\">Las organizaciones terroristas colocaron intencionalmente minas y artefactos explosivos en tierras agr\u00edcolas, viviendas y la infraestructura para crear p\u00e1nico en los habitantes e impedirles de regresar a sus hogares.<\/p>\n<p><span style=\"color: #0000ff;\">rr\/fm<\/span><\/p>\n","protected":false},"excerpt":{"rendered":"<p>Damasco, SANA Un joven perdi\u00f3 la vida por la explosi\u00f3n de una mina remanente de los terroristas en la localidad de Sbeineh, al sur de Damasco. Fuente policial inform\u00f3 a SANA que la mina explot\u00f3 mientras el joven, un campesino de 25 a\u00f1os, estaba trabajando en su tierra agr\u00edcola en dicha localidad. Detall\u00f3 que la &hellip;<\/p>\n","protected":false},"author":31,"featured_media":170790,"comment_status":"closed","ping_status":"closed","sticky":false,"template":"","format":"standard","meta":{"footnotes":""},"categories":[597,573,7541],"tags":[],"class_list":["post-170789","post","type-post","status-publish","format-standard","has-post-thumbnail","","category-cinta-de-noticias","category-la-realidad-de-los-acontecimientos-en-siria","category-ultimas-noticias"],"_links":{"self":[{"href":"https:\/\/archive.sana.sy\/es\/index.php?rest_route=\/wp\/v2\/posts\/170789"}],"collection":[{"href":"https:\/\/archive.sana.sy\/es\/index.php?rest_route=\/wp\/v2\/posts"}],"about":[{"href":"https:\/\/archive.sana.sy\/es\/index.php?rest_route=\/wp\/v2\/types\/post"}],"author":[{"embeddable":true,"href":"https:\/\/archive.sana.sy\/es\/index.php?rest_route=\/wp\/v2\/users\/31"}],"replies":[{"embeddable":true,"href":"https:\/\/archive.sana.sy\/es\/index.php?rest_route=%2Fwp%2Fv2%2Fcomments&post=170789"}],"version-history":[{"count":0,"href":"https:\/\/archive.sana.sy\/es\/index.php?rest_route=\/wp\/v2\/posts\/170789\/revisions"}],"wp:featuredmedia":[{"embeddable":true,"href":"https:\/\/archive.sana.sy\/es\/index.php?rest_route=\/wp\/v2\/media\/170790"}],"wp:attachment":[{"href":"https:\/\/archive.sana.sy\/es\/index.php?rest_route=%2Fwp%2Fv2%2Fmedia&parent=170789"}],"wp:term":[{"taxonomy":"category","embeddable":true,"href":"https:\/\/archive.sana.sy\/es\/index.php?rest_route=%2Fwp%2Fv2%2Fcategories&post=170789"},{"taxonomy":"post_tag","embeddable":true,"href":"https:\/\/archive.sana.sy\/es\/index.php?rest_route=%2Fwp%2Fv2%2Ftags&post=170789"}],"curies":[{"name":"wp","href":"https:\/\/api.w.org\/{rel}","templated":true}]}}