{"id":171126,"date":"2021-03-01T11:58:39","date_gmt":"2021-03-01T09:58:39","guid":{"rendered":"http:\/\/107.6.182.27\/es\/?p=171126"},"modified":"2021-03-01T11:58:39","modified_gmt":"2021-03-01T09:58:39","slug":"terroristas-proturcos-saquean-los-cables-de-telefonia-en-ras-al-ain-hasakeh","status":"publish","type":"post","link":"https:\/\/archive.sana.sy\/es\/?p=171126","title":{"rendered":"Terroristas proturcos saquean los cables de telefon\u00eda en Ras Al-Ain\/Hasakeh"},"content":{"rendered":"<p style=\"text-align: justify;\"><strong><span style=\"color: #800000;\">Hasakeh, SANA<\/span><\/strong><\/p>\n<p style=\"text-align: justify;\">Los terroristas apoyados por las fuerzas de ocupaci\u00f3n turcas robaron los cables de telefon\u00eda fija que conectan la ciudad de Ras al-Ain con otras localidades en el noroeste de la provincia de Hasakeh.<\/p>\n<p style=\"text-align: justify;\">Activistas civiles comunicaron a SANA que un grupo de mercenarios del ocupante turco saque\u00f3 cientos de metros de cables de la l\u00ednea principal de tel\u00e9fonos, con la intenci\u00f3n de obtener el cobre para contrabandearlo y venderlo en Turqu\u00eda.<\/p>\n<p style=\"text-align: justify;\">Las organizaciones terroristas apoyadas por las fuerzas de ocupaci\u00f3n turcas destruyen deliberadamente la infraestructura y atacan los civiles y roban sus propiedades y hogares, con el fin de presionarlos para abandonar sus casas para asentar en su lugar a familias de terroristas.<\/p>\n<p style=\"text-align: justify;\"><strong><span style=\"color: #0000ff;\">fm\/ed<\/span><\/strong><\/p>\n","protected":false},"excerpt":{"rendered":"<p>Hasakeh, SANA Los terroristas apoyados por las fuerzas de ocupaci\u00f3n turcas robaron los cables de telefon\u00eda fija que conectan la ciudad de Ras al-Ain con otras localidades en el noroeste de la provincia de Hasakeh. Activistas civiles comunicaron a SANA que un grupo de mercenarios del ocupante turco saque\u00f3 cientos de metros de cables de &hellip;<\/p>\n","protected":false},"author":32,"featured_media":171128,"comment_status":"closed","ping_status":"closed","sticky":false,"template":"","format":"standard","meta":{"footnotes":""},"categories":[477,597,573,476,7541],"tags":[],"class_list":["post-171126","post","type-post","status-publish","format-standard","has-post-thumbnail","","category-noticias-edulcorantes","category-cinta-de-noticias","category-la-realidad-de-los-acontecimientos-en-siria","category-locales","category-ultimas-noticias"],"_links":{"self":[{"href":"https:\/\/archive.sana.sy\/es\/index.php?rest_route=\/wp\/v2\/posts\/171126"}],"collection":[{"href":"https:\/\/archive.sana.sy\/es\/index.php?rest_route=\/wp\/v2\/posts"}],"about":[{"href":"https:\/\/archive.sana.sy\/es\/index.php?rest_route=\/wp\/v2\/types\/post"}],"author":[{"embeddable":true,"href":"https:\/\/archive.sana.sy\/es\/index.php?rest_route=\/wp\/v2\/users\/32"}],"replies":[{"embeddable":true,"href":"https:\/\/archive.sana.sy\/es\/index.php?rest_route=%2Fwp%2Fv2%2Fcomments&post=171126"}],"version-history":[{"count":0,"href":"https:\/\/archive.sana.sy\/es\/index.php?rest_route=\/wp\/v2\/posts\/171126\/revisions"}],"wp:featuredmedia":[{"embeddable":true,"href":"https:\/\/archive.sana.sy\/es\/index.php?rest_route=\/wp\/v2\/media\/171128"}],"wp:attachment":[{"href":"https:\/\/archive.sana.sy\/es\/index.php?rest_route=%2Fwp%2Fv2%2Fmedia&parent=171126"}],"wp:term":[{"taxonomy":"category","embeddable":true,"href":"https:\/\/archive.sana.sy\/es\/index.php?rest_route=%2Fwp%2Fv2%2Fcategories&post=171126"},{"taxonomy":"post_tag","embeddable":true,"href":"https:\/\/archive.sana.sy\/es\/index.php?rest_route=%2Fwp%2Fv2%2Ftags&post=171126"}],"curies":[{"name":"wp","href":"https:\/\/api.w.org\/{rel}","templated":true}]}}