{"id":171132,"date":"2021-03-01T13:13:08","date_gmt":"2021-03-01T11:13:08","guid":{"rendered":"http:\/\/107.6.182.27\/es\/?p=171132"},"modified":"2023-01-10T15:14:26","modified_gmt":"2023-01-10T13:14:26","slug":"comienza-foro-de-oportunidades-comerciales-entre-iran-y-siria","status":"publish","type":"post","link":"https:\/\/archive.sana.sy\/es\/?p=171132","title":{"rendered":"Comienza foro de oportunidades comerciales entre Ir\u00e1n y Siria"},"content":{"rendered":"<p style=\"text-align: justify;\"><span style=\"color: #800000;\"><strong>Teher\u00e1n, SANA<\/strong><\/span><\/p>\n<p style=\"text-align: justify;\">El Foro de Enfoques y Oportunidades Comerciales Sirio-Iran\u00ed arranc\u00f3 hoy en la sede de la C\u00e1mara de Comercio, Industria y Agricultura de Ir\u00e1n.<\/p>\n<p style=\"text-align: justify;\">El evento aborda varios temas que influyen en el aumento de las exportaciones iran\u00ed-sirias, incluida la cancelaci\u00f3n de los aranceles aduaneros sobre los bienes exportados a Siria, que ascienden actualmente al 4 por ciento, y la reducci\u00f3n al tercio de la prohibici\u00f3n de exportaci\u00f3n de 80 productos b\u00e1sicos.<\/p>\n<p style=\"text-align: justify;\">La C\u00e1mara de Comercio, Industria y Agricultura de Ir\u00e1n abri\u00f3 recientemente un centro comercial en Damasco y est\u00e1 prevista la organizaci\u00f3n de exposiciones permanentes de algunos productos iran\u00edes y la creaci\u00f3n de un entorno comercial para los exportadores.<\/p>\n<p style=\"text-align: justify;\"><strong><span style=\"color: #0000ff;\">fm\/ed<\/span><\/strong><\/p>\n","protected":false},"excerpt":{"rendered":"<p>Teher\u00e1n, SANA El Foro de Enfoques y Oportunidades Comerciales Sirio-Iran\u00ed arranc\u00f3 hoy en la sede de la C\u00e1mara de Comercio, Industria y Agricultura de Ir\u00e1n. El evento aborda varios temas que influyen en el aumento de las exportaciones iran\u00ed-sirias, incluida la cancelaci\u00f3n de los aranceles aduaneros sobre los bienes exportados a Siria, que ascienden actualmente &hellip;<\/p>\n","protected":false},"author":32,"featured_media":171133,"comment_status":"closed","ping_status":"closed","sticky":false,"template":"","format":"standard","meta":{"footnotes":""},"categories":[597,16686,485,7541],"tags":[],"class_list":["post-171132","post","type-post","status-publish","format-standard","has-post-thumbnail","","category-cinta-de-noticias","category-economia","category-informes-negocios-y-finanzas","category-ultimas-noticias"],"_links":{"self":[{"href":"https:\/\/archive.sana.sy\/es\/index.php?rest_route=\/wp\/v2\/posts\/171132"}],"collection":[{"href":"https:\/\/archive.sana.sy\/es\/index.php?rest_route=\/wp\/v2\/posts"}],"about":[{"href":"https:\/\/archive.sana.sy\/es\/index.php?rest_route=\/wp\/v2\/types\/post"}],"author":[{"embeddable":true,"href":"https:\/\/archive.sana.sy\/es\/index.php?rest_route=\/wp\/v2\/users\/32"}],"replies":[{"embeddable":true,"href":"https:\/\/archive.sana.sy\/es\/index.php?rest_route=%2Fwp%2Fv2%2Fcomments&post=171132"}],"version-history":[{"count":0,"href":"https:\/\/archive.sana.sy\/es\/index.php?rest_route=\/wp\/v2\/posts\/171132\/revisions"}],"wp:featuredmedia":[{"embeddable":true,"href":"https:\/\/archive.sana.sy\/es\/index.php?rest_route=\/wp\/v2\/media\/171133"}],"wp:attachment":[{"href":"https:\/\/archive.sana.sy\/es\/index.php?rest_route=%2Fwp%2Fv2%2Fmedia&parent=171132"}],"wp:term":[{"taxonomy":"category","embeddable":true,"href":"https:\/\/archive.sana.sy\/es\/index.php?rest_route=%2Fwp%2Fv2%2Fcategories&post=171132"},{"taxonomy":"post_tag","embeddable":true,"href":"https:\/\/archive.sana.sy\/es\/index.php?rest_route=%2Fwp%2Fv2%2Ftags&post=171132"}],"curies":[{"name":"wp","href":"https:\/\/api.w.org\/{rel}","templated":true}]}}