{"id":171135,"date":"2021-03-01T14:14:57","date_gmt":"2021-03-01T12:14:57","guid":{"rendered":"http:\/\/107.6.182.27\/es\/?p=171135"},"modified":"2021-03-01T14:15:44","modified_gmt":"2021-03-01T12:15:44","slug":"siria-continua-vacunacion-de-su-personal-medico-contra-el-covid-19","status":"publish","type":"post","link":"https:\/\/archive.sana.sy\/es\/?p=171135","title":{"rendered":"Siria contin\u00faa vacunaci\u00f3n de su personal m\u00e9dico contra el Covid-19"},"content":{"rendered":"<p style=\"text-align: justify;\"><strong><span style=\"color: #800000;\">Damasco, SANA<\/span><\/strong><\/p>\n<p style=\"text-align: justify;\">Por segundo d\u00eda consecutivo, el Ministerio de Salud contin\u00faa la vacunaci\u00f3n contra la Covid-19 de los cuadros de salud que laboran en primera l\u00ednea en los centros de aislamiento designados al tratamiento de pacientes en varias provincias.<\/p>\n<p style=\"text-align: justify;\">El Ministro de Salud, Hassan Muhammad Al-Ghobash, declar\u00f3 a SANA que los grupos m\u00e1s vulnerables que trabajan en centros de aislamiento, est\u00e1n actualmente vacunados y la prioridad es para el grupo de mayor edad debido a la limitada cantidad de vacunas.<\/p>\n<p style=\"text-align: justify;\">Comenzar la inmunizaci\u00f3n de los trabajadores de la salud garantiza su protecci\u00f3n y la continuidad de su prestaci\u00f3n de la atenci\u00f3n de la salud, y explic\u00f3 que la vacuna se utiliz\u00f3 en muchos pa\u00edses y ha demostrado su eficacia.<\/p>\n<p style=\"text-align: justify;\">El Ministerio de Salud anunci\u00f3 en la \u00faltima jornada 55 nuevos casos de contagios con el virus SARS-CoV-2, para un total de 15 mil 588.<\/p>\n<p style=\"text-align: justify;\">En una nota, el ente precis\u00f3 que 84 contagiados se recuperaron de la enfermedad lo que eleva a nueve mil 801 el n\u00famero de dados de alta m\u00e9dica.<\/p>\n<p style=\"text-align: justify;\">\u201cCuatro enfermos fallecieron en las \u00faltimas 24 horas lo que asciende a mil 27 el n\u00famero total de decesos a nivel nacional\u201d, agreg\u00f3 el texto.<\/p>\n<p style=\"text-align: justify;\"><strong><span style=\"color: #0000ff;\">fm\/ed<\/span><\/strong><\/p>\n","protected":false},"excerpt":{"rendered":"<p>Damasco, SANA Por segundo d\u00eda consecutivo, el Ministerio de Salud contin\u00faa la vacunaci\u00f3n contra la Covid-19 de los cuadros de salud que laboran en primera l\u00ednea en los centros de aislamiento designados al tratamiento de pacientes en varias provincias. El Ministro de Salud, Hassan Muhammad Al-Ghobash, declar\u00f3 a SANA que los grupos m\u00e1s vulnerables que &hellip;<\/p>\n","protected":false},"author":32,"featured_media":171136,"comment_status":"closed","ping_status":"closed","sticky":false,"template":"","format":"standard","meta":{"footnotes":""},"categories":[477,597,476,7541],"tags":[],"class_list":["post-171135","post","type-post","status-publish","format-standard","has-post-thumbnail","","category-noticias-edulcorantes","category-cinta-de-noticias","category-locales","category-ultimas-noticias"],"_links":{"self":[{"href":"https:\/\/archive.sana.sy\/es\/index.php?rest_route=\/wp\/v2\/posts\/171135"}],"collection":[{"href":"https:\/\/archive.sana.sy\/es\/index.php?rest_route=\/wp\/v2\/posts"}],"about":[{"href":"https:\/\/archive.sana.sy\/es\/index.php?rest_route=\/wp\/v2\/types\/post"}],"author":[{"embeddable":true,"href":"https:\/\/archive.sana.sy\/es\/index.php?rest_route=\/wp\/v2\/users\/32"}],"replies":[{"embeddable":true,"href":"https:\/\/archive.sana.sy\/es\/index.php?rest_route=%2Fwp%2Fv2%2Fcomments&post=171135"}],"version-history":[{"count":0,"href":"https:\/\/archive.sana.sy\/es\/index.php?rest_route=\/wp\/v2\/posts\/171135\/revisions"}],"wp:featuredmedia":[{"embeddable":true,"href":"https:\/\/archive.sana.sy\/es\/index.php?rest_route=\/wp\/v2\/media\/171136"}],"wp:attachment":[{"href":"https:\/\/archive.sana.sy\/es\/index.php?rest_route=%2Fwp%2Fv2%2Fmedia&parent=171135"}],"wp:term":[{"taxonomy":"category","embeddable":true,"href":"https:\/\/archive.sana.sy\/es\/index.php?rest_route=%2Fwp%2Fv2%2Fcategories&post=171135"},{"taxonomy":"post_tag","embeddable":true,"href":"https:\/\/archive.sana.sy\/es\/index.php?rest_route=%2Fwp%2Fv2%2Ftags&post=171135"}],"curies":[{"name":"wp","href":"https:\/\/api.w.org\/{rel}","templated":true}]}}