{"id":171330,"date":"2021-03-02T19:31:58","date_gmt":"2021-03-02T17:31:58","guid":{"rendered":"http:\/\/107.6.182.27\/es\/?p=171330"},"modified":"2021-03-03T07:01:42","modified_gmt":"2021-03-03T05:01:42","slug":"primer-ministro-aborda-con-vicepresidente-irani-vias-de-impulsar-cooperacion-en-materia-de-la-industria-tecnologica","status":"publish","type":"post","link":"https:\/\/archive.sana.sy\/es\/?p=171330","title":{"rendered":"Siria e Ir\u00e1n apuestan por impulsar cooperaci\u00f3n en materia de industria tecnol\u00f3gica"},"content":{"rendered":"<p style=\"text-align: justify;\"><strong><span style=\"color: #800000;\">Damasco, SANA<\/span><\/strong><\/p>\n<p style=\"text-align: justify;\">El Primer Ministro, Hossein Arnous, recibi\u00f3 a Sorena Sattari, Vicepresidente iran\u00ed para Asuntos Cient\u00edficos y Tecnol\u00f3gicos, y la delegaci\u00f3n acompa\u00f1ante.<\/p>\n<p style=\"text-align: justify;\">En la reuni\u00f3n, ambas partes abordaron la importancia de intercambiar experiencias en el sector tecnol\u00f3gico, sobre todo en la biotecnolog\u00eda, la tecnolog\u00eda de la informaci\u00f3n y telecomunicaci\u00f3n y la industria tecnol\u00f3gica, as\u00ed como aprovechar esa cooperaci\u00f3n para impulsar la econom\u00eda local de ambas naciones.<\/p>\n<p style=\"text-align: justify;\">El jefe del Gabinete destac\u00f3 el inter\u00e9s de Siria en beneficiarse de la experiencia iran\u00ed en el campo tecnol\u00f3gico y en llevar a cabo investigaciones cient\u00edficas conjuntas.<\/p>\n<p style=\"text-align: justify;\">En la parte pol\u00edtica, Arnous valor\u00f3 altamente la postura iran\u00ed en apoyo al pueblo sirio en su lucha contra el terrorismo, as\u00ed como elogi\u00f3 los esfuerzos de Ir\u00e1n en defensa de su derecho a realizar sus propios logros cient\u00edficos y su insistencia a transferir esos logros a los dem\u00e1s pueblos del mundo.<\/p>\n<p style=\"text-align: justify;\">A su vez, el alto funcionario iran\u00ed reiter\u00f3 la determinaci\u00f3n de su pa\u00eds para transferir y aplicar sus conocimientos cient\u00edficos y tecnol\u00f3gicos en la reconstrucci\u00f3n de Siria.<\/p>\n<p style=\"text-align: justify;\">Manifest\u00f3 la disposici\u00f3n de Ir\u00e1n para cooperar con la parte siria en la fabricaci\u00f3n de equipos m\u00e9dicos locales y el establecimiento de un parque bot\u00e1nico y tecnol\u00f3gico sirio-iran\u00ed.<\/p>\n<p style=\"text-align: justify;\">Apreci\u00f3 los esfuerzos desempe\u00f1ados por Siria para rehabilitar el sector de educaci\u00f3n pese a la guerra desatada en su contra.<\/p>\n<p style=\"text-align: justify;\"><span style=\"color: #0000ff;\"><em><strong>la\/fm<\/strong><\/em><\/span><\/p>\n","protected":false},"excerpt":{"rendered":"<p>Damasco, SANA El Primer Ministro, Hossein Arnous, recibi\u00f3 a Sorena Sattari, Vicepresidente iran\u00ed para Asuntos Cient\u00edficos y Tecnol\u00f3gicos, y la delegaci\u00f3n acompa\u00f1ante. En la reuni\u00f3n, ambas partes abordaron la importancia de intercambiar experiencias en el sector tecnol\u00f3gico, sobre todo en la biotecnolog\u00eda, la tecnolog\u00eda de la informaci\u00f3n y telecomunicaci\u00f3n y la industria tecnol\u00f3gica, as\u00ed como &hellip;<\/p>\n","protected":false},"author":24,"featured_media":171331,"comment_status":"closed","ping_status":"closed","sticky":false,"template":"","format":"standard","meta":{"footnotes":""},"categories":[597,467,7541],"tags":[],"class_list":["post-171330","post","type-post","status-publish","format-standard","has-post-thumbnail","","category-cinta-de-noticias","category-siria-y-el-mundo","category-ultimas-noticias"],"_links":{"self":[{"href":"https:\/\/archive.sana.sy\/es\/index.php?rest_route=\/wp\/v2\/posts\/171330"}],"collection":[{"href":"https:\/\/archive.sana.sy\/es\/index.php?rest_route=\/wp\/v2\/posts"}],"about":[{"href":"https:\/\/archive.sana.sy\/es\/index.php?rest_route=\/wp\/v2\/types\/post"}],"author":[{"embeddable":true,"href":"https:\/\/archive.sana.sy\/es\/index.php?rest_route=\/wp\/v2\/users\/24"}],"replies":[{"embeddable":true,"href":"https:\/\/archive.sana.sy\/es\/index.php?rest_route=%2Fwp%2Fv2%2Fcomments&post=171330"}],"version-history":[{"count":0,"href":"https:\/\/archive.sana.sy\/es\/index.php?rest_route=\/wp\/v2\/posts\/171330\/revisions"}],"wp:featuredmedia":[{"embeddable":true,"href":"https:\/\/archive.sana.sy\/es\/index.php?rest_route=\/wp\/v2\/media\/171331"}],"wp:attachment":[{"href":"https:\/\/archive.sana.sy\/es\/index.php?rest_route=%2Fwp%2Fv2%2Fmedia&parent=171330"}],"wp:term":[{"taxonomy":"category","embeddable":true,"href":"https:\/\/archive.sana.sy\/es\/index.php?rest_route=%2Fwp%2Fv2%2Fcategories&post=171330"},{"taxonomy":"post_tag","embeddable":true,"href":"https:\/\/archive.sana.sy\/es\/index.php?rest_route=%2Fwp%2Fv2%2Ftags&post=171330"}],"curies":[{"name":"wp","href":"https:\/\/api.w.org\/{rel}","templated":true}]}}