{"id":171333,"date":"2021-03-02T18:08:08","date_gmt":"2021-03-02T16:08:08","guid":{"rendered":"http:\/\/107.6.182.27\/es\/?p=171333"},"modified":"2023-01-10T15:14:26","modified_gmt":"2023-01-10T13:14:26","slug":"representantes-de-40-companias-iranies-exponen-en-un-foto-celebrado-en-damasco-su-potencial-tecnologico","status":"publish","type":"post","link":"https:\/\/archive.sana.sy\/es\/?p=171333","title":{"rendered":"Unas 40 compa\u00f1\u00edas iran\u00edes exponen su potencial tecnol\u00f3gico en un foro celebrado en Damasco"},"content":{"rendered":"<p style=\"text-align: justify;\"><span style=\"color: #800000;\"><strong>Damasco, SANA<\/strong><\/span><\/p>\n<p style=\"text-align: justify;\">Representantes de 40 compa\u00f1\u00edas iran\u00edes de distintas especialidades tecnol\u00f3gicas, m\u00e9dicas, industriales y mec\u00e1nicas se reunieron con presidentes de varias instituciones cient\u00edficas y de investigaci\u00f3n y actores econ\u00f3micos sirios para abordar las perspectivas de cooperaci\u00f3n cient\u00edfica y econ\u00f3mica entre las dos naciones.<\/p>\n<p style=\"text-align: justify;\">En el foro organizado por el Centro iran\u00ed de Tecnolog\u00eda Avanzada, en el Hotel Sheraton en Damasco, se proyect\u00f3 un documental sobre los logros de la tecnolog\u00eda iran\u00ed en las \u00e1reas de medicina, ingenier\u00eda e industria.<\/p>\n<p style=\"text-align: justify;\">En su intervenci\u00f3n durante el evento, el Ministro de Educaci\u00f3n Superior e Investigaci\u00f3n Cient\u00edfica, destac\u00f3 el inter\u00e9s de Siria en concluir con Ir\u00e1n m\u00e1s acuerdos a nivel cient\u00edfico, comercial e industrial, y valor\u00f3 los avances que logr\u00f3 el pa\u00eds amigo en el campo de la \u201cnanotecnolog\u00eda\u201d, puesto que ocupa el primer puesto a nivel regional y el cuarto a nivel mundial.<\/p>\n<p style=\"text-align: justify;\">El Vicepresidente iran\u00ed para Asuntos Cient\u00edficos y Tecnol\u00f3gicos, Sorena Sttari, habl\u00f3 sobre los logros cient\u00edficas de su pa\u00eds durante los \u00faltimos a\u00f1os y el \u00e9xito que tuvo en convertir la econom\u00eda local en una potencia moderna capaz de hacer cara al injusto bloqueo occidental.<\/p>\n<p style=\"text-align: justify;\">\u201cNo tenemos l\u00edmites en el intercambio de tecnolog\u00edas y el espacio econ\u00f3mico y comercial entre Siria Ir\u00e1n est\u00e1 abierto, y se inaugurar\u00e1 el Centro iran\u00ed de Innovaci\u00f3n y Tecnolog\u00eda en Siria\u201d, subray\u00f3.<\/p>\n<p style=\"text-align: justify;\"><strong><span style=\"color: #0000ff;\"><em>la\/fm<\/em><\/span><\/strong><\/p>\n","protected":false},"excerpt":{"rendered":"<p>Damasco, SANA Representantes de 40 compa\u00f1\u00edas iran\u00edes de distintas especialidades tecnol\u00f3gicas, m\u00e9dicas, industriales y mec\u00e1nicas se reunieron con presidentes de varias instituciones cient\u00edficas y de investigaci\u00f3n y actores econ\u00f3micos sirios para abordar las perspectivas de cooperaci\u00f3n cient\u00edfica y econ\u00f3mica entre las dos naciones. En el foro organizado por el Centro iran\u00ed de Tecnolog\u00eda Avanzada, en &hellip;<\/p>\n","protected":false},"author":24,"featured_media":171338,"comment_status":"closed","ping_status":"closed","sticky":false,"template":"","format":"standard","meta":{"footnotes":""},"categories":[447,597,16686,485,476,7541],"tags":[],"class_list":["post-171333","post","type-post","status-publish","format-standard","has-post-thumbnail","","category-local-politica","category-cinta-de-noticias","category-economia","category-informes-negocios-y-finanzas","category-locales","category-ultimas-noticias"],"_links":{"self":[{"href":"https:\/\/archive.sana.sy\/es\/index.php?rest_route=\/wp\/v2\/posts\/171333"}],"collection":[{"href":"https:\/\/archive.sana.sy\/es\/index.php?rest_route=\/wp\/v2\/posts"}],"about":[{"href":"https:\/\/archive.sana.sy\/es\/index.php?rest_route=\/wp\/v2\/types\/post"}],"author":[{"embeddable":true,"href":"https:\/\/archive.sana.sy\/es\/index.php?rest_route=\/wp\/v2\/users\/24"}],"replies":[{"embeddable":true,"href":"https:\/\/archive.sana.sy\/es\/index.php?rest_route=%2Fwp%2Fv2%2Fcomments&post=171333"}],"version-history":[{"count":0,"href":"https:\/\/archive.sana.sy\/es\/index.php?rest_route=\/wp\/v2\/posts\/171333\/revisions"}],"wp:featuredmedia":[{"embeddable":true,"href":"https:\/\/archive.sana.sy\/es\/index.php?rest_route=\/wp\/v2\/media\/171338"}],"wp:attachment":[{"href":"https:\/\/archive.sana.sy\/es\/index.php?rest_route=%2Fwp%2Fv2%2Fmedia&parent=171333"}],"wp:term":[{"taxonomy":"category","embeddable":true,"href":"https:\/\/archive.sana.sy\/es\/index.php?rest_route=%2Fwp%2Fv2%2Fcategories&post=171333"},{"taxonomy":"post_tag","embeddable":true,"href":"https:\/\/archive.sana.sy\/es\/index.php?rest_route=%2Fwp%2Fv2%2Ftags&post=171333"}],"curies":[{"name":"wp","href":"https:\/\/api.w.org\/{rel}","templated":true}]}}