{"id":171339,"date":"2021-03-02T20:44:21","date_gmt":"2021-03-02T18:44:21","guid":{"rendered":"http:\/\/107.6.182.27\/es\/?p=171339"},"modified":"2023-01-12T14:41:54","modified_gmt":"2023-01-12T12:41:54","slug":"francia-se-niega-a-repatriar-a-sus-terroristas","status":"publish","type":"post","link":"https:\/\/archive.sana.sy\/es\/?p=171339","title":{"rendered":"Francia se niega a repatriar a sus terroristas"},"content":{"rendered":"<p><span style=\"color: #800000;\">Par\u00eds, SANA<\/span><\/p>\n<p style=\"text-align: justify;\">Despu\u00e9s de haber enviado cientos de terroristas a Siria, un informe del diario franc\u00e9s Le Monde revel\u00f3 que Par\u00eds se neg\u00f3 a repatriar varias mujeres francesas pertenecientes a la organizaci\u00f3n terrorista (Daesh).<\/p>\n<p style=\"text-align: justify;\">Seg\u00fan el medio franc\u00e9s, m\u00e1s de 100 mujeres francesas se encuentran actualmente detenidas en c\u00e1rceles controladas por la milicia separatista (FDS), afiliada a la ocupaci\u00f3n estadounidense, agregando que 10 de las cuales iniciaron una huelga de hambre para protestar contra la negativa de su pa\u00eds a su petici\u00f3n.<\/p>\n<p style=\"text-align: justify;\">En abril de 2019, el principal tribunal administrativo franc\u00e9s rechaz\u00f3 la solicitud de varios terroristas franceses que se unieron a organizaciones terroristas en Siria para obtener su repatriaci\u00f3n a su pa\u00eds bajo el pretexto de que el tribunal no tiene jurisdicci\u00f3n sobre una decisi\u00f3n relacionada con la diplomacia francesa.<\/p>\n<p style=\"text-align: justify;\">Los datos del Ministerio de Relaciones Exteriores de Francia publicados en mayo de 2019 dicen que 450 de los franceses que se unieron a la organizaci\u00f3n terrorista &#8220;Daesh&#8221; est\u00e1n detenidos por la milicia &#8220;FDS&#8221;, y que otros cien est\u00e1n luchando en las filas de grupos terroristas en Idlib.<\/p>\n<p style=\"text-align: justify;\">Informes de Naciones Unidas y otras organizaciones internacionales confirmaron la presencia de decenas de miles de terroristas que llegaron a Siria desde m\u00e1s de un centenar de pa\u00edses.<\/p>\n<p style=\"text-align: justify;\">En este sentido el Centro Internacional de Lucha contra el Terrorismo de La Haya indic\u00f3 hace a\u00f1os que alrededor 4.300 terroristas europeos se encuentran en Siria e Irak, entre ellos 2838 terroristas de Francia, Gran Breta\u00f1a, B\u00e9lgica y Alemania, lo que significa m\u00e1s de 700 terroristas para cada pa\u00eds, pero las cifras sirias sobre el n\u00famero de estos terroristas dicen que el n\u00famero es mucho m\u00e1s mayor.<\/p>\n<p><em>mm<\/em><\/p>\n","protected":false},"excerpt":{"rendered":"<p>Par\u00eds, SANA Despu\u00e9s de haber enviado cientos de terroristas a Siria, un informe del diario franc\u00e9s Le Monde revel\u00f3 que Par\u00eds se neg\u00f3 a repatriar varias mujeres francesas pertenecientes a la organizaci\u00f3n terrorista (Daesh). Seg\u00fan el medio franc\u00e9s, m\u00e1s de 100 mujeres francesas se encuentran actualmente detenidas en c\u00e1rceles controladas por la milicia separatista (FDS), &hellip;<\/p>\n","protected":false},"author":36,"featured_media":171340,"comment_status":"closed","ping_status":"closed","sticky":false,"template":"","format":"standard","meta":{"footnotes":""},"categories":[597,456,457],"tags":[],"class_list":["post-171339","post","type-post","status-publish","format-standard","has-post-thumbnail","","category-cinta-de-noticias","category-arabe-internacional-politica","category-noticias-arabe-internacional-politica"],"_links":{"self":[{"href":"https:\/\/archive.sana.sy\/es\/index.php?rest_route=\/wp\/v2\/posts\/171339"}],"collection":[{"href":"https:\/\/archive.sana.sy\/es\/index.php?rest_route=\/wp\/v2\/posts"}],"about":[{"href":"https:\/\/archive.sana.sy\/es\/index.php?rest_route=\/wp\/v2\/types\/post"}],"author":[{"embeddable":true,"href":"https:\/\/archive.sana.sy\/es\/index.php?rest_route=\/wp\/v2\/users\/36"}],"replies":[{"embeddable":true,"href":"https:\/\/archive.sana.sy\/es\/index.php?rest_route=%2Fwp%2Fv2%2Fcomments&post=171339"}],"version-history":[{"count":0,"href":"https:\/\/archive.sana.sy\/es\/index.php?rest_route=\/wp\/v2\/posts\/171339\/revisions"}],"wp:featuredmedia":[{"embeddable":true,"href":"https:\/\/archive.sana.sy\/es\/index.php?rest_route=\/wp\/v2\/media\/171340"}],"wp:attachment":[{"href":"https:\/\/archive.sana.sy\/es\/index.php?rest_route=%2Fwp%2Fv2%2Fmedia&parent=171339"}],"wp:term":[{"taxonomy":"category","embeddable":true,"href":"https:\/\/archive.sana.sy\/es\/index.php?rest_route=%2Fwp%2Fv2%2Fcategories&post=171339"},{"taxonomy":"post_tag","embeddable":true,"href":"https:\/\/archive.sana.sy\/es\/index.php?rest_route=%2Fwp%2Fv2%2Ftags&post=171339"}],"curies":[{"name":"wp","href":"https:\/\/api.w.org\/{rel}","templated":true}]}}