{"id":171342,"date":"2021-03-02T20:56:09","date_gmt":"2021-03-02T18:56:09","guid":{"rendered":"http:\/\/107.6.182.27\/es\/?p=171342"},"modified":"2023-01-12T14:41:54","modified_gmt":"2023-01-12T12:41:54","slug":"fuerzas-aereas-de-yemen-atacan-aeropuerto-en-arabia-saudita-2","status":"publish","type":"post","link":"https:\/\/archive.sana.sy\/es\/?p=171342","title":{"rendered":"Fuerzas a\u00e9reas de Yemen atacan aeropuerto en Arabia Saudita"},"content":{"rendered":"<p><span style=\"color: #800000;\">San\u00e1, SANA<\/span><\/p>\n<p style=\"text-align: justify;\">El portavoz de las fuerzas armadas yemen\u00edes, el general Yahya Sarei, anunci\u00f3 que aviones no tripulados, del ej\u00e9rcito yemen\u00ed lanzaron de nuevo un ataque contra el aeropuerto saud\u00ed de Abha.<\/p>\n<p style=\"text-align: justify;\">&#8220;La Fuerza A\u00e9rea yemen\u00ed llev\u00f3 a cabo un ataque con drones contra posiciones militares saud\u00edes y los blancos fueron precisamente alcanzados&#8221;, asegur\u00f3 el vocero.<\/p>\n<p style=\"text-align: justify;\">Indic\u00f3 que esta ofensiva se produjo en respuesta a la continua escalada agresora de la coalici\u00f3n al injusto asedio contra el pueblo yemen\u00ed.<\/p>\n<p style=\"text-align: justify;\">Las fuerzas agresoras dirigidas por Arabia Saudita cometen atroces cr\u00edmenes contra los civiles yemen\u00edes desde marzo de 2015.<\/p>\n<p><em>mm<\/em><\/p>\n<p>&nbsp;<\/p>\n","protected":false},"excerpt":{"rendered":"<p>San\u00e1, SANA El portavoz de las fuerzas armadas yemen\u00edes, el general Yahya Sarei, anunci\u00f3 que aviones no tripulados, del ej\u00e9rcito yemen\u00ed lanzaron de nuevo un ataque contra el aeropuerto saud\u00ed de Abha. &#8220;La Fuerza A\u00e9rea yemen\u00ed llev\u00f3 a cabo un ataque con drones contra posiciones militares saud\u00edes y los blancos fueron precisamente alcanzados&#8221;, asegur\u00f3 el &hellip;<\/p>\n","protected":false},"author":36,"featured_media":171343,"comment_status":"closed","ping_status":"closed","sticky":false,"template":"","format":"standard","meta":{"footnotes":""},"categories":[597,456,457],"tags":[],"class_list":["post-171342","post","type-post","status-publish","format-standard","has-post-thumbnail","","category-cinta-de-noticias","category-arabe-internacional-politica","category-noticias-arabe-internacional-politica"],"_links":{"self":[{"href":"https:\/\/archive.sana.sy\/es\/index.php?rest_route=\/wp\/v2\/posts\/171342"}],"collection":[{"href":"https:\/\/archive.sana.sy\/es\/index.php?rest_route=\/wp\/v2\/posts"}],"about":[{"href":"https:\/\/archive.sana.sy\/es\/index.php?rest_route=\/wp\/v2\/types\/post"}],"author":[{"embeddable":true,"href":"https:\/\/archive.sana.sy\/es\/index.php?rest_route=\/wp\/v2\/users\/36"}],"replies":[{"embeddable":true,"href":"https:\/\/archive.sana.sy\/es\/index.php?rest_route=%2Fwp%2Fv2%2Fcomments&post=171342"}],"version-history":[{"count":0,"href":"https:\/\/archive.sana.sy\/es\/index.php?rest_route=\/wp\/v2\/posts\/171342\/revisions"}],"wp:featuredmedia":[{"embeddable":true,"href":"https:\/\/archive.sana.sy\/es\/index.php?rest_route=\/wp\/v2\/media\/171343"}],"wp:attachment":[{"href":"https:\/\/archive.sana.sy\/es\/index.php?rest_route=%2Fwp%2Fv2%2Fmedia&parent=171342"}],"wp:term":[{"taxonomy":"category","embeddable":true,"href":"https:\/\/archive.sana.sy\/es\/index.php?rest_route=%2Fwp%2Fv2%2Fcategories&post=171342"},{"taxonomy":"post_tag","embeddable":true,"href":"https:\/\/archive.sana.sy\/es\/index.php?rest_route=%2Fwp%2Fv2%2Ftags&post=171342"}],"curies":[{"name":"wp","href":"https:\/\/api.w.org\/{rel}","templated":true}]}}