{"id":171396,"date":"2021-03-03T15:19:56","date_gmt":"2021-03-03T13:19:56","guid":{"rendered":"http:\/\/107.6.182.27\/es\/?p=171396"},"modified":"2021-03-03T20:09:28","modified_gmt":"2021-03-03T18:09:28","slug":"aterrizo-en-aeropuerto-de-alepo-en-primer-avion-de-pasajeros-de-una-aerolinea-extranjera","status":"publish","type":"post","link":"https:\/\/archive.sana.sy\/es\/?p=171396","title":{"rendered":"Aterriz\u00f3 en aeropuerto de Alepo en primer avi\u00f3n de pasajeros de una aerol\u00ednea extranjera"},"content":{"rendered":"<p style=\"text-align: justify\"><span style=\"color: #800000\"><strong>Alepo, SANA<\/strong><\/span><\/p>\n<p style=\"text-align: justify\">El Ministerio de Transporte anunci\u00f3 hoy la llegada del primer vuelo de una aerol\u00ednea extranjera al Aeropuerto Internacional de Alepo, despu\u00e9s de un periodo de interrupci\u00f3n desde 2012.<\/p>\n<p style=\"text-align: justify\">El avi\u00f3n se despeg\u00f3 desde Erbil, en el norte de Irak.<\/p>\n<p style=\"text-align: justify\"><strong><span style=\"color: #0000ff\">fm\/ed\/la<\/span><\/strong><\/p>\n","protected":false},"excerpt":{"rendered":"<p>Alepo, SANA El Ministerio de Transporte anunci\u00f3 hoy la llegada del primer vuelo de una aerol\u00ednea extranjera al Aeropuerto Internacional de Alepo, despu\u00e9s de un periodo de interrupci\u00f3n desde 2012. El avi\u00f3n se despeg\u00f3 desde Erbil, en el norte de Irak. fm\/ed\/la<\/p>\n","protected":false},"author":32,"featured_media":171397,"comment_status":"closed","ping_status":"closed","sticky":false,"template":"","format":"standard","meta":{"footnotes":""},"categories":[597,476,7541],"tags":[],"class_list":["post-171396","post","type-post","status-publish","format-standard","has-post-thumbnail","","category-cinta-de-noticias","category-locales","category-ultimas-noticias"],"_links":{"self":[{"href":"https:\/\/archive.sana.sy\/es\/index.php?rest_route=\/wp\/v2\/posts\/171396"}],"collection":[{"href":"https:\/\/archive.sana.sy\/es\/index.php?rest_route=\/wp\/v2\/posts"}],"about":[{"href":"https:\/\/archive.sana.sy\/es\/index.php?rest_route=\/wp\/v2\/types\/post"}],"author":[{"embeddable":true,"href":"https:\/\/archive.sana.sy\/es\/index.php?rest_route=\/wp\/v2\/users\/32"}],"replies":[{"embeddable":true,"href":"https:\/\/archive.sana.sy\/es\/index.php?rest_route=%2Fwp%2Fv2%2Fcomments&post=171396"}],"version-history":[{"count":0,"href":"https:\/\/archive.sana.sy\/es\/index.php?rest_route=\/wp\/v2\/posts\/171396\/revisions"}],"wp:featuredmedia":[{"embeddable":true,"href":"https:\/\/archive.sana.sy\/es\/index.php?rest_route=\/wp\/v2\/media\/171397"}],"wp:attachment":[{"href":"https:\/\/archive.sana.sy\/es\/index.php?rest_route=%2Fwp%2Fv2%2Fmedia&parent=171396"}],"wp:term":[{"taxonomy":"category","embeddable":true,"href":"https:\/\/archive.sana.sy\/es\/index.php?rest_route=%2Fwp%2Fv2%2Fcategories&post=171396"},{"taxonomy":"post_tag","embeddable":true,"href":"https:\/\/archive.sana.sy\/es\/index.php?rest_route=%2Fwp%2Fv2%2Ftags&post=171396"}],"curies":[{"name":"wp","href":"https:\/\/api.w.org\/{rel}","templated":true}]}}