{"id":171402,"date":"2021-03-03T16:18:15","date_gmt":"2021-03-03T14:18:15","guid":{"rendered":"http:\/\/107.6.182.27\/es\/?p=171402"},"modified":"2021-03-03T16:18:15","modified_gmt":"2021-03-03T14:18:15","slug":"inauguran-en-damasco-un-centro-de-innovacion-y-tecnologia-irani","status":"publish","type":"post","link":"https:\/\/archive.sana.sy\/es\/?p=171402","title":{"rendered":"Inauguran en Damasco un centro de innovaci\u00f3n y tecnolog\u00eda iran\u00ed"},"content":{"rendered":"<p style=\"text-align: justify\"><span style=\"color: #800000\">Damasco, SANA<\/span><\/p>\n<p style=\"text-align: justify\">El Centro Iran\u00ed de Innovaci\u00f3n y Tecnolog\u00eda fue inaugurado hoy en la Zona Franca de la capital Damasco.<\/p>\n<p style=\"text-align: justify\">La referida instituci\u00f3n fortalecer\u00eda las relaciones cient\u00edficas y econ\u00f3micas entre los dos pa\u00edses y funcionar\u00eda como mediador entre las empresas sirias e iran\u00edes que operan en los campos de biotecnolog\u00eda, tecnolog\u00eda de la informaci\u00f3n, nanotecnolog\u00eda, telecomunicaciones e industrias tecnol\u00f3gicas, adem\u00e1s de sentar las infraestructuras necesarias para ello y emplear eso en el apoyo a las econom\u00edas de los dos pa\u00edses.<\/p>\n<p style=\"text-align: justify\">El asistente del presidente iran\u00ed para Asuntos Cient\u00edficos y T\u00e9cnicos, Surna Stari, declar\u00f3 tras la inauguraci\u00f3n del centro en la capital, Damasco, consolidar\u00eda los puentes de comunicaci\u00f3n entre los centros de investigaci\u00f3n y empresas en ambos pa\u00edses.<\/p>\n<p style=\"text-align: justify\">Stari afirm\u00f3 la plena disposici\u00f3n de su pa\u00eds para cooperar con Siria en el campo de la tecnolog\u00eda y brindar apoyo necesario para ello, y revel\u00f3 que la visita de la delegaci\u00f3n iran\u00ed a Siria fue muy positiva y constructiva.<\/p>\n<p style=\"text-align: justify\">Al margen de la apertura del centro, las dos partes firmaron un memorando de entendimiento que permite y fomenta la cooperaci\u00f3n en el campo de la tecnolog\u00eda y la innovaci\u00f3n tomando en cuenta las leyes y legislaciones internas de los dos pa\u00edses, as\u00ed como facilitar el intercambio de tecnolog\u00eda e innovaci\u00f3n y el desarrollo de canales de comunicaci\u00f3n mutua entre instituciones innovadoras como incubadoras y parques tecnol\u00f3gicos.<\/p>\n<p style=\"text-align: justify\">En virtud del memorando, la parte iran\u00ed asigna una l\u00ednea de cr\u00e9dito de 10 millones de d\u00f3lares para apoyar la importaci\u00f3n de equipos hospitalarios y de alta tecnolog\u00eda, adem\u00e1s de garantizar el acceso de cient\u00edficos sirios a la red de laboratorios iran\u00edes y facilitar cooperaci\u00f3n en el campo de proyectos conjuntos entre empresas tecnol\u00f3gicas de ambas partes y la creaci\u00f3n de un centro de formaci\u00f3n cl\u00ednica.<\/p>\n<p style=\"text-align: justify\">La apertura del Centro tambi\u00e9n incluy\u00f3 la firma de varios acuerdos comerciales entre empresas iran\u00edes y sirias.<\/p>\n<p style=\"text-align: justify\">\n<p style=\"text-align: justify\"><span style=\"color: #0000ff\"><em>fa\/la<\/em><\/span><\/p>\n","protected":false},"excerpt":{"rendered":"<p>Damasco, SANA El Centro Iran\u00ed de Innovaci\u00f3n y Tecnolog\u00eda fue inaugurado hoy en la Zona Franca de la capital Damasco. La referida instituci\u00f3n fortalecer\u00eda las relaciones cient\u00edficas y econ\u00f3micas entre los dos pa\u00edses y funcionar\u00eda como mediador entre las empresas sirias e iran\u00edes que operan en los campos de biotecnolog\u00eda, tecnolog\u00eda de la informaci\u00f3n, nanotecnolog\u00eda, &hellip;<\/p>\n","protected":false},"author":24,"featured_media":171403,"comment_status":"closed","ping_status":"closed","sticky":false,"template":"","format":"standard","meta":{"footnotes":""},"categories":[597,476,467,7541],"tags":[],"class_list":["post-171402","post","type-post","status-publish","format-standard","has-post-thumbnail","","category-cinta-de-noticias","category-locales","category-siria-y-el-mundo","category-ultimas-noticias"],"_links":{"self":[{"href":"https:\/\/archive.sana.sy\/es\/index.php?rest_route=\/wp\/v2\/posts\/171402"}],"collection":[{"href":"https:\/\/archive.sana.sy\/es\/index.php?rest_route=\/wp\/v2\/posts"}],"about":[{"href":"https:\/\/archive.sana.sy\/es\/index.php?rest_route=\/wp\/v2\/types\/post"}],"author":[{"embeddable":true,"href":"https:\/\/archive.sana.sy\/es\/index.php?rest_route=\/wp\/v2\/users\/24"}],"replies":[{"embeddable":true,"href":"https:\/\/archive.sana.sy\/es\/index.php?rest_route=%2Fwp%2Fv2%2Fcomments&post=171402"}],"version-history":[{"count":0,"href":"https:\/\/archive.sana.sy\/es\/index.php?rest_route=\/wp\/v2\/posts\/171402\/revisions"}],"wp:featuredmedia":[{"embeddable":true,"href":"https:\/\/archive.sana.sy\/es\/index.php?rest_route=\/wp\/v2\/media\/171403"}],"wp:attachment":[{"href":"https:\/\/archive.sana.sy\/es\/index.php?rest_route=%2Fwp%2Fv2%2Fmedia&parent=171402"}],"wp:term":[{"taxonomy":"category","embeddable":true,"href":"https:\/\/archive.sana.sy\/es\/index.php?rest_route=%2Fwp%2Fv2%2Fcategories&post=171402"},{"taxonomy":"post_tag","embeddable":true,"href":"https:\/\/archive.sana.sy\/es\/index.php?rest_route=%2Fwp%2Fv2%2Ftags&post=171402"}],"curies":[{"name":"wp","href":"https:\/\/api.w.org\/{rel}","templated":true}]}}