{"id":171405,"date":"2021-03-03T16:43:08","date_gmt":"2021-03-03T14:43:08","guid":{"rendered":"http:\/\/107.6.182.27\/es\/?p=171405"},"modified":"2021-03-03T16:43:08","modified_gmt":"2021-03-03T14:43:08","slug":"siria-es-un-pais-clave-en-la-seguridad-nacional-arabe-afirma-canciller-egipcio","status":"publish","type":"post","link":"https:\/\/archive.sana.sy\/es\/?p=171405","title":{"rendered":"Siria es un pa\u00eds clave en la seguridad nacional \u00e1rabe, afirma canciller egipcio"},"content":{"rendered":"<p style=\"text-align: justify\"><span style=\"color: #800000\">El Cairo, SANA<\/span><\/p>\n<p style=\"text-align: justify\">El ministro de Exteriores de Egipto, Sameh Shoukry, ratific\u00f3 la postura de su pa\u00eds que exige la salida de las fuerzas de ocupaci\u00f3n extranjeras de Siria y la erradicaci\u00f3n de las organizaciones terroristas en esta naci\u00f3n.<\/p>\n<p style=\"text-align: justify\">En un discurso pronunciado durante una reuni\u00f3n del Consejo de la Liga \u00c1rabe, Shoukry destac\u00f3 que \u201cno hay alternativa a una soluci\u00f3n pol\u00edtica a la crisis en Siria\u201d.<\/p>\n<p style=\"text-align: justify\">Enfatiz\u00f3 la necesidad de eliminar las organizaciones terroristas apoyadas desde el exterior y que causan el sufrimiento del pueblo sirio.<\/p>\n<p style=\"text-align: justify\">Seg\u00fan el jefe de la diplomacia egipcia, Siria es un pa\u00eds eficaz y clave en la preservaci\u00f3n de la seguridad nacional \u00e1rabe. &#8220;El regreso de Siria como pa\u00eds eficaz y estable es vital para preservar la seguridad nacional \u00e1rabe&#8221;, detall\u00f3.<\/p>\n<p style=\"text-align: justify\">\n<span style=\"color: #0000ff\"><strong><em>fm\/la<\/em><\/strong><\/span><\/p>\n","protected":false},"excerpt":{"rendered":"<p>El Cairo, SANA El ministro de Exteriores de Egipto, Sameh Shoukry, ratific\u00f3 la postura de su pa\u00eds que exige la salida de las fuerzas de ocupaci\u00f3n extranjeras de Siria y la erradicaci\u00f3n de las organizaciones terroristas en esta naci\u00f3n. En un discurso pronunciado durante una reuni\u00f3n del Consejo de la Liga \u00c1rabe, Shoukry destac\u00f3 que &hellip;<\/p>\n","protected":false},"author":24,"featured_media":171407,"comment_status":"closed","ping_status":"closed","sticky":false,"template":"","format":"standard","meta":{"footnotes":""},"categories":[597,467],"tags":[],"class_list":["post-171405","post","type-post","status-publish","format-standard","has-post-thumbnail","","category-cinta-de-noticias","category-siria-y-el-mundo"],"_links":{"self":[{"href":"https:\/\/archive.sana.sy\/es\/index.php?rest_route=\/wp\/v2\/posts\/171405"}],"collection":[{"href":"https:\/\/archive.sana.sy\/es\/index.php?rest_route=\/wp\/v2\/posts"}],"about":[{"href":"https:\/\/archive.sana.sy\/es\/index.php?rest_route=\/wp\/v2\/types\/post"}],"author":[{"embeddable":true,"href":"https:\/\/archive.sana.sy\/es\/index.php?rest_route=\/wp\/v2\/users\/24"}],"replies":[{"embeddable":true,"href":"https:\/\/archive.sana.sy\/es\/index.php?rest_route=%2Fwp%2Fv2%2Fcomments&post=171405"}],"version-history":[{"count":0,"href":"https:\/\/archive.sana.sy\/es\/index.php?rest_route=\/wp\/v2\/posts\/171405\/revisions"}],"wp:featuredmedia":[{"embeddable":true,"href":"https:\/\/archive.sana.sy\/es\/index.php?rest_route=\/wp\/v2\/media\/171407"}],"wp:attachment":[{"href":"https:\/\/archive.sana.sy\/es\/index.php?rest_route=%2Fwp%2Fv2%2Fmedia&parent=171405"}],"wp:term":[{"taxonomy":"category","embeddable":true,"href":"https:\/\/archive.sana.sy\/es\/index.php?rest_route=%2Fwp%2Fv2%2Fcategories&post=171405"},{"taxonomy":"post_tag","embeddable":true,"href":"https:\/\/archive.sana.sy\/es\/index.php?rest_route=%2Fwp%2Fv2%2Ftags&post=171405"}],"curies":[{"name":"wp","href":"https:\/\/api.w.org\/{rel}","templated":true}]}}