{"id":171419,"date":"2021-03-03T20:32:11","date_gmt":"2021-03-03T18:32:11","guid":{"rendered":"http:\/\/107.6.182.27\/es\/?p=171419"},"modified":"2023-01-10T15:14:25","modified_gmt":"2023-01-10T13:14:25","slug":"vicepresidente-irani-reitera-disposicion-de-su-pais-a-transferir-tecnologia-modera-a-siria","status":"publish","type":"post","link":"https:\/\/archive.sana.sy\/es\/?p=171419","title":{"rendered":"Vicepresidente iran\u00ed reitera disposici\u00f3n de su pa\u00eds a transferir tecnolog\u00eda moderna a Siria"},"content":{"rendered":"<p style=\"text-align: justify\"><span style=\"color: #800000\">Damasco, SANA<\/span><\/p>\n<p style=\"text-align: justify\">El Vicepresidente iran\u00ed para Asuntos Cient\u00edficos y Tecnol\u00f3gicos, Dr. Sorena Sattari, reiter\u00f3 la disposici\u00f3n de su pa\u00eds para transferir las experiencias y los productos tecnol\u00f3gicos locales a Siria, as\u00ed como brindar formaci\u00f3n tecnol\u00f3gica a los estudiantes sirios que estudian en Teher\u00e1n.<\/p>\n<p style=\"text-align: justify\">Durante su reuni\u00f3n con el presidente y miembros de la junta directiva de la Federaci\u00f3n de C\u00e1maras de Comercio de Siria en la sede de la Federaci\u00f3n, Sattari subray\u00f3 la importancia del Centro de Innovaci\u00f3n y Tecnolog\u00eda iran\u00ed, que fue inaugurado este mi\u00e9rcoles, en presentar los productos iran\u00edes al mercado sirio.<\/p>\n<p style=\"text-align: justify\">A su vez, el presidente de la Federaci\u00f3n de C\u00e1maras de Comercio de Siria, Muhammad Abu al-Hoda al-Lahham, arroj\u00f3 luz sobre la necesidad de incrementar el volumen de intercambio comercial, beneficiarse de la experiencia iran\u00ed en el sector tecnol\u00f3gico, desarrollar la cooperaci\u00f3n entre los empresarios de ambos pa\u00edses, facilitar el transporte de mercanc\u00edas y estudia la creaci\u00f3n de un banco mixto sirio-iran\u00ed.<\/p>\n<p style=\"text-align: justify\">Cabe destacar que el Centro Iran\u00ed de Innovaci\u00f3n y Tecnolog\u00eda fue inaugurado en la zona franca en Damasco, el cual se considera un puente y mediador entre las compa\u00f1\u00edas de ambas naciones que trabajan en el campo de la biotecnolog\u00eda, nanotecnolog\u00eda, la tecnolog\u00eda de informaci\u00f3n y comunicaci\u00f3n y la industria tecnol\u00f3gica.<\/p>\n<p style=\"text-align: justify\"><span style=\"color: #0000ff\"><em><strong>la<\/strong><\/em><\/span><\/p>\n","protected":false},"excerpt":{"rendered":"<p>Damasco, SANA El Vicepresidente iran\u00ed para Asuntos Cient\u00edficos y Tecnol\u00f3gicos, Dr. Sorena Sattari, reiter\u00f3 la disposici\u00f3n de su pa\u00eds para transferir las experiencias y los productos tecnol\u00f3gicos locales a Siria, as\u00ed como brindar formaci\u00f3n tecnol\u00f3gica a los estudiantes sirios que estudian en Teher\u00e1n. Durante su reuni\u00f3n con el presidente y miembros de la junta directiva &hellip;<\/p>\n","protected":false},"author":24,"featured_media":171420,"comment_status":"closed","ping_status":"closed","sticky":false,"template":"","format":"standard","meta":{"footnotes":""},"categories":[597,16686,485,7541],"tags":[],"class_list":["post-171419","post","type-post","status-publish","format-standard","has-post-thumbnail","","category-cinta-de-noticias","category-economia","category-informes-negocios-y-finanzas","category-ultimas-noticias"],"_links":{"self":[{"href":"https:\/\/archive.sana.sy\/es\/index.php?rest_route=\/wp\/v2\/posts\/171419"}],"collection":[{"href":"https:\/\/archive.sana.sy\/es\/index.php?rest_route=\/wp\/v2\/posts"}],"about":[{"href":"https:\/\/archive.sana.sy\/es\/index.php?rest_route=\/wp\/v2\/types\/post"}],"author":[{"embeddable":true,"href":"https:\/\/archive.sana.sy\/es\/index.php?rest_route=\/wp\/v2\/users\/24"}],"replies":[{"embeddable":true,"href":"https:\/\/archive.sana.sy\/es\/index.php?rest_route=%2Fwp%2Fv2%2Fcomments&post=171419"}],"version-history":[{"count":0,"href":"https:\/\/archive.sana.sy\/es\/index.php?rest_route=\/wp\/v2\/posts\/171419\/revisions"}],"wp:featuredmedia":[{"embeddable":true,"href":"https:\/\/archive.sana.sy\/es\/index.php?rest_route=\/wp\/v2\/media\/171420"}],"wp:attachment":[{"href":"https:\/\/archive.sana.sy\/es\/index.php?rest_route=%2Fwp%2Fv2%2Fmedia&parent=171419"}],"wp:term":[{"taxonomy":"category","embeddable":true,"href":"https:\/\/archive.sana.sy\/es\/index.php?rest_route=%2Fwp%2Fv2%2Fcategories&post=171419"},{"taxonomy":"post_tag","embeddable":true,"href":"https:\/\/archive.sana.sy\/es\/index.php?rest_route=%2Fwp%2Fv2%2Ftags&post=171419"}],"curies":[{"name":"wp","href":"https:\/\/api.w.org\/{rel}","templated":true}]}}