{"id":171466,"date":"2021-03-04T07:13:07","date_gmt":"2021-03-04T05:13:07","guid":{"rendered":"http:\/\/107.6.182.27\/es\/?p=171466"},"modified":"2023-01-10T14:29:51","modified_gmt":"2023-01-10T12:29:51","slug":"siria-confirma-seis-nuevos-decesos-por-covid-19-para-un-total-de-mil-45","status":"publish","type":"post","link":"https:\/\/archive.sana.sy\/es\/?p=171466","title":{"rendered":"Siria confirma seis nuevos decesos por Covid-19 para un total de mil 45"},"content":{"rendered":"<p style=\"text-align: justify;\"><span style=\"color: #800000;\"><strong>Damasco, SANA<\/strong><\/span><\/p>\n<p style=\"text-align: justify;\">El Ministerio de Salud de Siria anunci\u00f3 en una nota de prensa, que en la \u00faltima jornada se confirmaron 57 nuevos casos de contagios con el virus SARS-CoV-2, para un total de 15 mil 753.<\/p>\n<p style=\"text-align: justify;\">El ente precis\u00f3 que 78 contagiados se recuperaron de la enfermedad lo que eleva a 10 mil 39 el n\u00famero de dados de alta m\u00e9dica.<\/p>\n<p style=\"text-align: justify;\">\u201cSeis enfermos fallecieron en las \u00faltimas 24 horas lo que asciende a mil 45 el n\u00famero total de decesos a nivel nacional\u201d, agreg\u00f3 el texto.<\/p>\n<p style=\"text-align: justify;\"><span style=\"color: #0000ff;\"><strong>fm<\/strong><\/span><\/p>\n","protected":false},"excerpt":{"rendered":"<p>Damasco, SANA El Ministerio de Salud de Siria anunci\u00f3 en una nota de prensa, que en la \u00faltima jornada se confirmaron 57 nuevos casos de contagios con el virus SARS-CoV-2, para un total de 15 mil 753. El ente precis\u00f3 que 78 contagiados se recuperaron de la enfermedad lo que eleva a 10 mil 39 &hellip;<\/p>\n","protected":false},"author":34,"featured_media":171467,"comment_status":"closed","ping_status":"closed","sticky":false,"template":"","format":"standard","meta":{"footnotes":""},"categories":[477,447,597,476,457,7541],"tags":[],"class_list":["post-171466","post","type-post","status-publish","format-standard","has-post-thumbnail","","category-noticias-edulcorantes","category-local-politica","category-cinta-de-noticias","category-locales","category-noticias-arabe-internacional-politica","category-ultimas-noticias"],"_links":{"self":[{"href":"https:\/\/archive.sana.sy\/es\/index.php?rest_route=\/wp\/v2\/posts\/171466"}],"collection":[{"href":"https:\/\/archive.sana.sy\/es\/index.php?rest_route=\/wp\/v2\/posts"}],"about":[{"href":"https:\/\/archive.sana.sy\/es\/index.php?rest_route=\/wp\/v2\/types\/post"}],"author":[{"embeddable":true,"href":"https:\/\/archive.sana.sy\/es\/index.php?rest_route=\/wp\/v2\/users\/34"}],"replies":[{"embeddable":true,"href":"https:\/\/archive.sana.sy\/es\/index.php?rest_route=%2Fwp%2Fv2%2Fcomments&post=171466"}],"version-history":[{"count":0,"href":"https:\/\/archive.sana.sy\/es\/index.php?rest_route=\/wp\/v2\/posts\/171466\/revisions"}],"wp:featuredmedia":[{"embeddable":true,"href":"https:\/\/archive.sana.sy\/es\/index.php?rest_route=\/wp\/v2\/media\/171467"}],"wp:attachment":[{"href":"https:\/\/archive.sana.sy\/es\/index.php?rest_route=%2Fwp%2Fv2%2Fmedia&parent=171466"}],"wp:term":[{"taxonomy":"category","embeddable":true,"href":"https:\/\/archive.sana.sy\/es\/index.php?rest_route=%2Fwp%2Fv2%2Fcategories&post=171466"},{"taxonomy":"post_tag","embeddable":true,"href":"https:\/\/archive.sana.sy\/es\/index.php?rest_route=%2Fwp%2Fv2%2Ftags&post=171466"}],"curies":[{"name":"wp","href":"https:\/\/api.w.org\/{rel}","templated":true}]}}