{"id":17148,"date":"2015-01-31T13:55:56","date_gmt":"2015-01-31T11:55:56","guid":{"rendered":"http:\/\/www.sana.sy\/es\/?p=17148"},"modified":"2015-01-31T13:57:29","modified_gmt":"2015-01-31T11:57:29","slug":"al-mekdad-la-lealtad-a-la-patria-debe-estar-por-encima-de-cualquier-otra-lealtad","status":"publish","type":"post","link":"https:\/\/archive.sana.sy\/es\/?p=17148","title":{"rendered":"Al-Mekdad: la lealtad a la patria debe estar por encima de cualquier otra lealtad"},"content":{"rendered":"<p>Beirut, SANA<br \/>\nEl ministro de Exteriores y Emigrantes, Faisal al-Miqdad, afirm\u00f3 que \u201clos responsables de lo que se est\u00e1 sufriendo el pueblo sirio son aquellos que apoyan el terrorismo en Siria\u201d, destacando que \u201cla l\u00f3gica torcida de \u00e9stos es la que concedi\u00f3 cobertura a los asesinos, lo cual llev\u00f3 a la prolongaci\u00f3n de la crisis\u201d.<\/p>\n<p>En su art\u00edculo semanal en el diario liban\u00e9s \u201cal-Binaa\u201d, al-Miqdad dijo que \u201cla crisis en Siria desde sus inicios y hasta ahora, ha sido una guerra declarada contra Siria (Pueblo, ej\u00e9rcito y gobierno).<\/p>\n<p>Sobre la Reuni\u00f3n de Consulta de Mosc\u00fa, el vicecanciller sirio dijo que \u201ces pr\u00e1cticamente el primer encuentro desde el estallido de la crisis en Siria, y la postura siria siempre se ha caracterizado por la credibilidad respecto a los diversos aspectos de la crisis que sacude a Siria\u201d.<\/p>\n<p>Al-Miqdad indic\u00f3 \u201csi las oposiciones sirias hayan mostrado racionalidad y credibilidad, Siria no hubiera derramado tanto sangre\u201d.<\/p>\n<p>En este mismo contexto, el alto diplom\u00e1tico sirio resalt\u00f3 \u201cque algunos opositores no se han liberado todav\u00eda de las presiones y las instrucciones externas\u201d, haciendo alusi\u00f3n a la aceptaci\u00f3n del gobierno sirio para llevar a cabo consultas en el futuro, sea en Damasco o en Mosc\u00fa.<\/p>\n<p>\u201cLa lealtad a la patria debe estar por encima de cualquier otra lealtad porque la dignidad de cualquier ser humano consiste en su patria, su pueblo y su ej\u00e9rcito\u201d, concluy\u00f3 al-Miqdad.<\/p>\n<p>Fady M., Lynn A.<\/p>\n","protected":false},"excerpt":{"rendered":"<p>Beirut, SANA El ministro de Exteriores y Emigrantes, Faisal al-Miqdad, afirm\u00f3 que \u201clos responsables de lo que se est\u00e1 sufriendo el pueblo sirio son aquellos que apoyan el terrorismo en Siria\u201d, destacando que \u201cla l\u00f3gica torcida de \u00e9stos es la que concedi\u00f3 cobertura a los asesinos, lo cual llev\u00f3 a la prolongaci\u00f3n de la crisis\u201d. &hellip;<\/p>\n","protected":false},"author":24,"featured_media":9211,"comment_status":"closed","ping_status":"closed","sticky":false,"template":"","format":"standard","meta":{"footnotes":""},"categories":[555,597,576],"tags":[3883],"class_list":["post-17148","post","type-post","status-publish","format-standard","has-post-thumbnail","","category-prensa","category-cinta-de-noticias","category-noticias-politicas","tag-al-mekdad-la-lealtad-a-la-patria-debe-estar-por-encima-de-cualquier-otra-lealtad"],"_links":{"self":[{"href":"https:\/\/archive.sana.sy\/es\/index.php?rest_route=\/wp\/v2\/posts\/17148"}],"collection":[{"href":"https:\/\/archive.sana.sy\/es\/index.php?rest_route=\/wp\/v2\/posts"}],"about":[{"href":"https:\/\/archive.sana.sy\/es\/index.php?rest_route=\/wp\/v2\/types\/post"}],"author":[{"embeddable":true,"href":"https:\/\/archive.sana.sy\/es\/index.php?rest_route=\/wp\/v2\/users\/24"}],"replies":[{"embeddable":true,"href":"https:\/\/archive.sana.sy\/es\/index.php?rest_route=%2Fwp%2Fv2%2Fcomments&post=17148"}],"version-history":[{"count":0,"href":"https:\/\/archive.sana.sy\/es\/index.php?rest_route=\/wp\/v2\/posts\/17148\/revisions"}],"wp:featuredmedia":[{"embeddable":true,"href":"https:\/\/archive.sana.sy\/es\/index.php?rest_route=\/wp\/v2\/media\/9211"}],"wp:attachment":[{"href":"https:\/\/archive.sana.sy\/es\/index.php?rest_route=%2Fwp%2Fv2%2Fmedia&parent=17148"}],"wp:term":[{"taxonomy":"category","embeddable":true,"href":"https:\/\/archive.sana.sy\/es\/index.php?rest_route=%2Fwp%2Fv2%2Fcategories&post=17148"},{"taxonomy":"post_tag","embeddable":true,"href":"https:\/\/archive.sana.sy\/es\/index.php?rest_route=%2Fwp%2Fv2%2Ftags&post=17148"}],"curies":[{"name":"wp","href":"https:\/\/api.w.org\/{rel}","templated":true}]}}