{"id":171494,"date":"2021-03-04T14:43:11","date_gmt":"2021-03-04T12:43:11","guid":{"rendered":"http:\/\/107.6.182.27\/es\/?p=171494"},"modified":"2021-03-04T14:43:37","modified_gmt":"2021-03-04T12:43:37","slug":"junta-de-tribus-de-siria-ratifica-apoyo-al-ejercito-sirio-para-expulsar-a-los-ocupantes-estadounidense-y-turco","status":"publish","type":"post","link":"https:\/\/archive.sana.sy\/es\/?p=171494","title":{"rendered":"Junta de Tribus de Siria ratifica apoyo al ej\u00e9rcito sirio para expulsar a los ocupantes estadounidense y turco"},"content":{"rendered":"<p style=\"text-align: justify;\"><span style=\"color: #800000;\"><strong>Hasakeh, SANA<\/strong><\/span><\/p>\n<p style=\"text-align: justify;\">La Junta de Notables y Dignatarios de las Tribus de Siria afirm\u00f3 en una declaraci\u00f3n emitida al final de su reuni\u00f3n consultiva sostenida en la ciudad de Hasakeh, la necesidad de expulsar a las fuerzas de ocupaci\u00f3n estadounidense y turca del territorio sirio y poner fin al saqueo de las riquezas del pueblo sirio.<\/p>\n<p style=\"text-align: justify;\">Los reunidos reiteraron su rechazo a la ocupaci\u00f3n de EE.UU que act\u00faa en pro de sus propios intereses y planes encaminados para desestabilizar a Siria, propagar el caos y dividir la sociedad siria para prolongar la guerra, dividir el pa\u00eds y destruir su identidad.<\/p>\n<p style=\"text-align: justify;\">El jefe de la junta Mizar Al-Muslet destac\u00f3 que su acci\u00f3n se rige por la pertenencia a una Siria \u00fanica, pueblo y territorio, bajo el liderazgo del presidente Bashar al-Assad y el apoyo al Ej\u00e9rcito \u00c1rabe Sirio en su guerra contra el terrorismo, adem\u00e1s de rechazar las tendencia separatistas.<\/p>\n<p style=\"text-align: justify;\">Los participantes denunciaron las pr\u00e1cticas de la milicia FDS que usa la fuerza e intimidan la poblaci\u00f3n que rechaza su presencia.<\/p>\n<p style=\"text-align: justify;\">Las tribus exigieron a la milicia FDS que devuelva las instituciones gubernamentales oficiales al Estado sirio, especialmente las escuelas y hospitales, y destacaron que el ocupante estadounidense y su milicia mercenaria son la principal raz\u00f3n del sufrimiento del pueblo.<\/p>\n<p style=\"text-align: justify;\"><span style=\"color: #0000ff;\"><strong>ed.\/fm<\/strong><\/span><\/p>\n","protected":false},"excerpt":{"rendered":"<p>Hasakeh, SANA La Junta de Notables y Dignatarios de las Tribus de Siria afirm\u00f3 en una declaraci\u00f3n emitida al final de su reuni\u00f3n consultiva sostenida en la ciudad de Hasakeh, la necesidad de expulsar a las fuerzas de ocupaci\u00f3n estadounidense y turca del territorio sirio y poner fin al saqueo de las riquezas del pueblo &hellip;<\/p>\n","protected":false},"author":32,"featured_media":171495,"comment_status":"closed","ping_status":"closed","sticky":false,"template":"","format":"standard","meta":{"footnotes":""},"categories":[477,597,476,583],"tags":[],"class_list":["post-171494","post","type-post","status-publish","format-standard","has-post-thumbnail","","category-noticias-edulcorantes","category-cinta-de-noticias","category-locales","category-slide"],"_links":{"self":[{"href":"https:\/\/archive.sana.sy\/es\/index.php?rest_route=\/wp\/v2\/posts\/171494"}],"collection":[{"href":"https:\/\/archive.sana.sy\/es\/index.php?rest_route=\/wp\/v2\/posts"}],"about":[{"href":"https:\/\/archive.sana.sy\/es\/index.php?rest_route=\/wp\/v2\/types\/post"}],"author":[{"embeddable":true,"href":"https:\/\/archive.sana.sy\/es\/index.php?rest_route=\/wp\/v2\/users\/32"}],"replies":[{"embeddable":true,"href":"https:\/\/archive.sana.sy\/es\/index.php?rest_route=%2Fwp%2Fv2%2Fcomments&post=171494"}],"version-history":[{"count":0,"href":"https:\/\/archive.sana.sy\/es\/index.php?rest_route=\/wp\/v2\/posts\/171494\/revisions"}],"wp:featuredmedia":[{"embeddable":true,"href":"https:\/\/archive.sana.sy\/es\/index.php?rest_route=\/wp\/v2\/media\/171495"}],"wp:attachment":[{"href":"https:\/\/archive.sana.sy\/es\/index.php?rest_route=%2Fwp%2Fv2%2Fmedia&parent=171494"}],"wp:term":[{"taxonomy":"category","embeddable":true,"href":"https:\/\/archive.sana.sy\/es\/index.php?rest_route=%2Fwp%2Fv2%2Fcategories&post=171494"},{"taxonomy":"post_tag","embeddable":true,"href":"https:\/\/archive.sana.sy\/es\/index.php?rest_route=%2Fwp%2Fv2%2Ftags&post=171494"}],"curies":[{"name":"wp","href":"https:\/\/api.w.org\/{rel}","templated":true}]}}