{"id":171497,"date":"2021-03-04T14:55:50","date_gmt":"2021-03-04T12:55:50","guid":{"rendered":"http:\/\/107.6.182.27\/es\/?p=171497"},"modified":"2021-03-04T14:56:07","modified_gmt":"2021-03-04T12:56:07","slug":"mueren-tres-integrantes-de-la-milicia-fds-en-ataques-en-hasakeh-y-deir-ezzor","status":"publish","type":"post","link":"https:\/\/archive.sana.sy\/es\/?p=171497","title":{"rendered":"Mueren tres integrantes de la milicia FDS en ataques en Hasakeh y Deir Ezzor"},"content":{"rendered":"<p style=\"text-align: justify;\"><strong><span style=\"color: #800000;\">Hasakeh, SANA<\/span><\/strong><\/p>\n<p style=\"text-align: justify;\">La mal llamada milicia Fuerzas Democr\u00e1ticas de Siria (FDS) sufri\u00f3 tres bajas mortales en ataques contra sus veh\u00edculos y posiciones en las provincias de Hasakeh y Deir Ezzor.<\/p>\n<p style=\"text-align: justify;\">Seg\u00fan comunicaron activistas locales al corresponsal de SANA, una motocicleta-bomba estall\u00f3 al paso de un veh\u00edculo que transportaba varios integrantes de FDS, incluido un comandante, cerca de una estaci\u00f3n de combustible en la aldea de Twirish en el municipio de Yarubiyah en Hasakeh.<\/p>\n<p style=\"text-align: justify;\">El ataque, seg\u00fan confirmaron los activistas, caus\u00f3 la muerte de dos armados y heridas a otros, adem\u00e1s de provocar da\u00f1os materiales en el lugar.<\/p>\n<p style=\"text-align: justify;\">En el norte de Deir Ezzor, un armado de esa milicia mercenaria de Washington, pereci\u00f3 y otros dos resultaron heridos al ser atacado su veh\u00edculo en la carretera Al-Kharafi en las fronteras administrativas que separan las gobernaciones de Hasakeh y Deir Ezzor.<\/p>\n<p style=\"text-align: justify;\">En la v\u00edspera, varios integrantes de FDS resultaron heridos cuando personas atacaron con cuchillos a uno de sus puestos de control en la localidad de Tal Hamis, perteneciente al municipio de al-Qamishli, al norte de Hasakeh.<\/p>\n<p style=\"text-align: justify;\"><span style=\"color: #0000ff;\"><strong>fm\/ed<\/strong><\/span><\/p>\n","protected":false},"excerpt":{"rendered":"<p>Hasakeh, SANA La mal llamada milicia Fuerzas Democr\u00e1ticas de Siria (FDS) sufri\u00f3 tres bajas mortales en ataques contra sus veh\u00edculos y posiciones en las provincias de Hasakeh y Deir Ezzor. Seg\u00fan comunicaron activistas locales al corresponsal de SANA, una motocicleta-bomba estall\u00f3 al paso de un veh\u00edculo que transportaba varios integrantes de FDS, incluido un comandante, &hellip;<\/p>\n","protected":false},"author":32,"featured_media":171498,"comment_status":"closed","ping_status":"closed","sticky":false,"template":"","format":"standard","meta":{"footnotes":""},"categories":[597,573,476,7541],"tags":[],"class_list":["post-171497","post","type-post","status-publish","format-standard","has-post-thumbnail","","category-cinta-de-noticias","category-la-realidad-de-los-acontecimientos-en-siria","category-locales","category-ultimas-noticias"],"_links":{"self":[{"href":"https:\/\/archive.sana.sy\/es\/index.php?rest_route=\/wp\/v2\/posts\/171497"}],"collection":[{"href":"https:\/\/archive.sana.sy\/es\/index.php?rest_route=\/wp\/v2\/posts"}],"about":[{"href":"https:\/\/archive.sana.sy\/es\/index.php?rest_route=\/wp\/v2\/types\/post"}],"author":[{"embeddable":true,"href":"https:\/\/archive.sana.sy\/es\/index.php?rest_route=\/wp\/v2\/users\/32"}],"replies":[{"embeddable":true,"href":"https:\/\/archive.sana.sy\/es\/index.php?rest_route=%2Fwp%2Fv2%2Fcomments&post=171497"}],"version-history":[{"count":0,"href":"https:\/\/archive.sana.sy\/es\/index.php?rest_route=\/wp\/v2\/posts\/171497\/revisions"}],"wp:featuredmedia":[{"embeddable":true,"href":"https:\/\/archive.sana.sy\/es\/index.php?rest_route=\/wp\/v2\/media\/171498"}],"wp:attachment":[{"href":"https:\/\/archive.sana.sy\/es\/index.php?rest_route=%2Fwp%2Fv2%2Fmedia&parent=171497"}],"wp:term":[{"taxonomy":"category","embeddable":true,"href":"https:\/\/archive.sana.sy\/es\/index.php?rest_route=%2Fwp%2Fv2%2Fcategories&post=171497"},{"taxonomy":"post_tag","embeddable":true,"href":"https:\/\/archive.sana.sy\/es\/index.php?rest_route=%2Fwp%2Fv2%2Ftags&post=171497"}],"curies":[{"name":"wp","href":"https:\/\/api.w.org\/{rel}","templated":true}]}}