{"id":171503,"date":"2021-03-04T16:33:31","date_gmt":"2021-03-04T14:33:31","guid":{"rendered":"http:\/\/107.6.182.27\/es\/?p=171503"},"modified":"2021-03-04T16:34:54","modified_gmt":"2021-03-04T14:34:54","slug":"terroristas-proturcos-cortan-los-olivos-en-el-ocupado-municipio-sirio-de-efrin","status":"publish","type":"post","link":"https:\/\/archive.sana.sy\/es\/?p=171503","title":{"rendered":"Terroristas proturcos cortan los olivos en el ocupado municipio sirio de Efr\u00edn"},"content":{"rendered":"<p style=\"text-align: justify;\"><span style=\"color: #800000;\"><strong>Alepo, SANA<\/strong><\/span><\/p>\n<p style=\"text-align: justify;\">Las organizaciones terroristas que operan bajo mando del r\u00e9gimen turco cortaron m\u00e1s de 400 olivos con el objetivo de contrabandear su madera al territorio turco.<\/p>\n<p style=\"text-align: justify;\">Seg\u00fan confirmaron activistas locales y medios de prensa, los terroristas de la llamada agrupaci\u00f3n Suquor al-Sham cortaron los olivos en la aldea de Ras al-Ahmar en el ocupado municipio de Efr\u00edn, en el noroeste de Alepo.<\/p>\n<p style=\"text-align: justify;\">Los \u00e1rboles son propiedades de ciudadanos que fueron desplazados de sus hogares cuando las fuerzas turcas y sus mercenarios ocuparon en marzo del 2018 a Efr\u00edn y sus alrededores.<\/p>\n<p style=\"text-align: justify;\">Las agrupaciones extremistas afiliadas al llamado \u201cej\u00e9rcito nacional\u201d intimidan la poblaci\u00f3n civil mediante las campa\u00f1as de secuestro y el saqueo de bienes.<\/p>\n<p style=\"text-align: justify;\"><strong><span style=\"color: #0000ff;\">fm\/ed<\/span><\/strong><\/p>\n","protected":false},"excerpt":{"rendered":"<p>Alepo, SANA Las organizaciones terroristas que operan bajo mando del r\u00e9gimen turco cortaron m\u00e1s de 400 olivos con el objetivo de contrabandear su madera al territorio turco. Seg\u00fan confirmaron activistas locales y medios de prensa, los terroristas de la llamada agrupaci\u00f3n Suquor al-Sham cortaron los olivos en la aldea de Ras al-Ahmar en el ocupado &hellip;<\/p>\n","protected":false},"author":32,"featured_media":171506,"comment_status":"closed","ping_status":"closed","sticky":false,"template":"","format":"standard","meta":{"footnotes":""},"categories":[477,597,573,476,7541],"tags":[],"class_list":["post-171503","post","type-post","status-publish","format-standard","has-post-thumbnail","","category-noticias-edulcorantes","category-cinta-de-noticias","category-la-realidad-de-los-acontecimientos-en-siria","category-locales","category-ultimas-noticias"],"_links":{"self":[{"href":"https:\/\/archive.sana.sy\/es\/index.php?rest_route=\/wp\/v2\/posts\/171503"}],"collection":[{"href":"https:\/\/archive.sana.sy\/es\/index.php?rest_route=\/wp\/v2\/posts"}],"about":[{"href":"https:\/\/archive.sana.sy\/es\/index.php?rest_route=\/wp\/v2\/types\/post"}],"author":[{"embeddable":true,"href":"https:\/\/archive.sana.sy\/es\/index.php?rest_route=\/wp\/v2\/users\/32"}],"replies":[{"embeddable":true,"href":"https:\/\/archive.sana.sy\/es\/index.php?rest_route=%2Fwp%2Fv2%2Fcomments&post=171503"}],"version-history":[{"count":0,"href":"https:\/\/archive.sana.sy\/es\/index.php?rest_route=\/wp\/v2\/posts\/171503\/revisions"}],"wp:featuredmedia":[{"embeddable":true,"href":"https:\/\/archive.sana.sy\/es\/index.php?rest_route=\/wp\/v2\/media\/171506"}],"wp:attachment":[{"href":"https:\/\/archive.sana.sy\/es\/index.php?rest_route=%2Fwp%2Fv2%2Fmedia&parent=171503"}],"wp:term":[{"taxonomy":"category","embeddable":true,"href":"https:\/\/archive.sana.sy\/es\/index.php?rest_route=%2Fwp%2Fv2%2Fcategories&post=171503"},{"taxonomy":"post_tag","embeddable":true,"href":"https:\/\/archive.sana.sy\/es\/index.php?rest_route=%2Fwp%2Fv2%2Ftags&post=171503"}],"curies":[{"name":"wp","href":"https:\/\/api.w.org\/{rel}","templated":true}]}}