{"id":171517,"date":"2021-03-04T18:58:06","date_gmt":"2021-03-04T16:58:06","guid":{"rendered":"http:\/\/107.6.182.27\/es\/?p=171517"},"modified":"2021-03-04T19:04:33","modified_gmt":"2021-03-04T17:04:33","slug":"ocupacion-turca-y-sus-mercenarios-canonean-pueblos-en-hasakeh-y-raqa","status":"publish","type":"post","link":"https:\/\/archive.sana.sy\/es\/?p=171517","title":{"rendered":"Ocupaci\u00f3n turca y sus mercenarios ca\u00f1onean pueblos en Hasakeh y Raqa"},"content":{"rendered":"<p style=\"text-align: justify;\"><span style=\"color: #800000;\"><strong>Hasakeh-Raqa, SANA<\/strong><\/span><\/p>\n<p style=\"text-align: justify;\">Las fuerzas de ocupaci\u00f3n turcas y sus t\u00edteres terroristas agredieron con artiller\u00eda la localidad de Maalk en la autopista M-4 en la provincia de Raqa, y la localidad de Abu Raseen en la campi\u00f1a de Hasakeh.<\/p>\n<p style=\"text-align: justify;\">Seg\u00fan reportes del corresponsal de SANA, los bombardeos provocaron da\u00f1os materiales en las propiedades p\u00fablicas y privadas, adem\u00e1s de un estado de p\u00e1nico entre los civiles.<\/p>\n<p style=\"text-align: justify;\">Desde el comienzo de su agresi\u00f3n contra Siria en octubre de 2019, la ocupaci\u00f3n turca y sus mercenarios terroristas tomaron varias \u00e1reas como base para atacar comunidades lo que caus\u00f3 el desplazamiento a miles de civiles cuyas propiedades fueron saqueadas tambi\u00e9n.<\/p>\n<p style=\"text-align: justify;\"><span style=\"color: #0000ff;\"><strong>ah\/sm\/fm<\/strong><\/span><\/p>\n","protected":false},"excerpt":{"rendered":"<p>Hasakeh-Raqa, SANA Las fuerzas de ocupaci\u00f3n turcas y sus t\u00edteres terroristas agredieron con artiller\u00eda la localidad de Maalk en la autopista M-4 en la provincia de Raqa, y la localidad de Abu Raseen en la campi\u00f1a de Hasakeh. Seg\u00fan reportes del corresponsal de SANA, los bombardeos provocaron da\u00f1os materiales en las propiedades p\u00fablicas y privadas, &hellip;<\/p>\n","protected":false},"author":30,"featured_media":165072,"comment_status":"closed","ping_status":"closed","sticky":false,"template":"","format":"standard","meta":{"footnotes":""},"categories":[597,573,7541],"tags":[],"class_list":["post-171517","post","type-post","status-publish","format-standard","has-post-thumbnail","","category-cinta-de-noticias","category-la-realidad-de-los-acontecimientos-en-siria","category-ultimas-noticias"],"_links":{"self":[{"href":"https:\/\/archive.sana.sy\/es\/index.php?rest_route=\/wp\/v2\/posts\/171517"}],"collection":[{"href":"https:\/\/archive.sana.sy\/es\/index.php?rest_route=\/wp\/v2\/posts"}],"about":[{"href":"https:\/\/archive.sana.sy\/es\/index.php?rest_route=\/wp\/v2\/types\/post"}],"author":[{"embeddable":true,"href":"https:\/\/archive.sana.sy\/es\/index.php?rest_route=\/wp\/v2\/users\/30"}],"replies":[{"embeddable":true,"href":"https:\/\/archive.sana.sy\/es\/index.php?rest_route=%2Fwp%2Fv2%2Fcomments&post=171517"}],"version-history":[{"count":0,"href":"https:\/\/archive.sana.sy\/es\/index.php?rest_route=\/wp\/v2\/posts\/171517\/revisions"}],"wp:featuredmedia":[{"embeddable":true,"href":"https:\/\/archive.sana.sy\/es\/index.php?rest_route=\/wp\/v2\/media\/165072"}],"wp:attachment":[{"href":"https:\/\/archive.sana.sy\/es\/index.php?rest_route=%2Fwp%2Fv2%2Fmedia&parent=171517"}],"wp:term":[{"taxonomy":"category","embeddable":true,"href":"https:\/\/archive.sana.sy\/es\/index.php?rest_route=%2Fwp%2Fv2%2Fcategories&post=171517"},{"taxonomy":"post_tag","embeddable":true,"href":"https:\/\/archive.sana.sy\/es\/index.php?rest_route=%2Fwp%2Fv2%2Ftags&post=171517"}],"curies":[{"name":"wp","href":"https:\/\/api.w.org\/{rel}","templated":true}]}}