{"id":171538,"date":"2021-03-04T19:10:03","date_gmt":"2021-03-04T17:10:03","guid":{"rendered":"http:\/\/107.6.182.27\/es\/?p=171538"},"modified":"2021-03-04T20:11:38","modified_gmt":"2021-03-04T18:11:38","slug":"contribucion-de-rusia-ha-sido-crucial-en-la-victoria-sobre-el-terrorismo-en-siria-afirma-lavrov","status":"publish","type":"post","link":"https:\/\/archive.sana.sy\/es\/?p=171538","title":{"rendered":"Contribuci\u00f3n de Rusia ha sido crucial en la victoria sobre el terrorismo en Siria, afirma Lavrov"},"content":{"rendered":"<p style=\"text-align: justify;\"><span style=\"color: #800000;\"><strong>Mosc\u00fa, SANA<\/strong><\/span><\/p>\n<p style=\"text-align: justify;\">El canciller ruso, Sergei Lavrov, afirm\u00f3 que el enfoque de su pa\u00eds para encontrar una soluci\u00f3n a la crisis en Siria se basa en el respeto al Derecho Internacional y la unidad, soberan\u00eda e integridad territorial de Siria.<\/p>\n<p style=\"text-align: justify;\">&#8220;Las fuerzas rusas est\u00e1n en Siria a petici\u00f3n de su gobierno leg\u00edtimo y su contribuci\u00f3n ha sido crucial en la victoria sobre el terrorismo\u201d, dijo Lavrov en una entrevista con la revista (Pensamiento Ruso) publicada en el sitio web del Ministerio de Exteriores ruso.<\/p>\n<p style=\"text-align: justify;\">El jefe de la diplomacia rusa a\u00f1adi\u00f3 que Mosc\u00fa sigue trabajando para estabilizar la situaci\u00f3n sobre el terreno e impulsar el proceso de soluci\u00f3n pol\u00edtica, as\u00ed como proporcionar asistencia para la reconstrucci\u00f3n y para el retorno de los refugiados sirios a sus lugares de origen&#8221;.<\/p>\n<p style=\"text-align: justify;\">\u201cGracias a estos esfuerzos integrales, ahora es posible impedir la propagaci\u00f3n del terrorismo y la ideolog\u00eda islamista radical&#8221;, remarc\u00f3.<\/p>\n<p style=\"text-align: justify;\"><span style=\"color: #0000ff;\"><strong>ah\/fm<\/strong><\/span><\/p>\n","protected":false},"excerpt":{"rendered":"<p>Mosc\u00fa, SANA El canciller ruso, Sergei Lavrov, afirm\u00f3 que el enfoque de su pa\u00eds para encontrar una soluci\u00f3n a la crisis en Siria se basa en el respeto al Derecho Internacional y la unidad, soberan\u00eda e integridad territorial de Siria. &#8220;Las fuerzas rusas est\u00e1n en Siria a petici\u00f3n de su gobierno leg\u00edtimo y su contribuci\u00f3n &hellip;<\/p>\n","protected":false},"author":30,"featured_media":171539,"comment_status":"closed","ping_status":"closed","sticky":false,"template":"","format":"standard","meta":{"footnotes":""},"categories":[597,467,7541],"tags":[3417,18867],"class_list":["post-171538","post","type-post","status-publish","format-standard","has-post-thumbnail","","category-cinta-de-noticias","category-siria-y-el-mundo","category-ultimas-noticias","tag-afirma-lavrov","tag-contribucion-de-rusia-ha-sido-crucial-en-la-victoria-sobre-el-terrorismo-en-siria"],"_links":{"self":[{"href":"https:\/\/archive.sana.sy\/es\/index.php?rest_route=\/wp\/v2\/posts\/171538"}],"collection":[{"href":"https:\/\/archive.sana.sy\/es\/index.php?rest_route=\/wp\/v2\/posts"}],"about":[{"href":"https:\/\/archive.sana.sy\/es\/index.php?rest_route=\/wp\/v2\/types\/post"}],"author":[{"embeddable":true,"href":"https:\/\/archive.sana.sy\/es\/index.php?rest_route=\/wp\/v2\/users\/30"}],"replies":[{"embeddable":true,"href":"https:\/\/archive.sana.sy\/es\/index.php?rest_route=%2Fwp%2Fv2%2Fcomments&post=171538"}],"version-history":[{"count":0,"href":"https:\/\/archive.sana.sy\/es\/index.php?rest_route=\/wp\/v2\/posts\/171538\/revisions"}],"wp:featuredmedia":[{"embeddable":true,"href":"https:\/\/archive.sana.sy\/es\/index.php?rest_route=\/wp\/v2\/media\/171539"}],"wp:attachment":[{"href":"https:\/\/archive.sana.sy\/es\/index.php?rest_route=%2Fwp%2Fv2%2Fmedia&parent=171538"}],"wp:term":[{"taxonomy":"category","embeddable":true,"href":"https:\/\/archive.sana.sy\/es\/index.php?rest_route=%2Fwp%2Fv2%2Fcategories&post=171538"},{"taxonomy":"post_tag","embeddable":true,"href":"https:\/\/archive.sana.sy\/es\/index.php?rest_route=%2Fwp%2Fv2%2Ftags&post=171538"}],"curies":[{"name":"wp","href":"https:\/\/api.w.org\/{rel}","templated":true}]}}