{"id":17168,"date":"2015-01-31T13:46:50","date_gmt":"2015-01-31T11:46:50","guid":{"rendered":"http:\/\/www.sana.sy\/es\/?p=17168"},"modified":"2015-01-31T13:46:50","modified_gmt":"2015-01-31T11:46:50","slug":"tribunal-frances-procesa-a-cinco-personas-por-cargos-de-reclutar-jovenes-para-luchar-junto-a-los-terroristas-en-siria","status":"publish","type":"post","link":"https:\/\/archive.sana.sy\/es\/?p=17168","title":{"rendered":"Tribunal franc\u00e9s procesa a cinco personas por cargos de reclutar j\u00f3venes para luchar junto a los terroristas en Siria"},"content":{"rendered":"<div><\/div>\n<div><span lang=\"ES-TRAD\">Par\u00eds, SANA<\/span><\/div>\n<div><span lang=\"ES-TRAD\">\u00a0<\/span><\/div>\n<div><span lang=\"ES-TRAD\">Cinco personas comparecieron ante los tribunales franceses por cargos de participar en la formaci\u00f3n de una c\u00e9lula para reclutar a j\u00f3venes a fin de enviarlos para luchar junto a los grupos terroristas armados en Siria e Irak.<\/span><\/div>\n<div><span lang=\"ES-TRAD\">\u00a0<\/span><\/div>\n<div><span lang=\"ES-TRAD\">Seg\u00fan la agencia AP, la polic\u00eda francesa hab\u00eda comenzado una investigaci\u00f3n abierta con cinco personas despu\u00e9s de haber sido detenidos por sus v\u00ednculos con la c\u00e9lula de \u201cLionel\u201d.<\/span><\/div>\n<div><span lang=\"ES-TRAD\">\u00a0<\/span><\/div>\n<div><span lang=\"ES-TRAD\">Las autoridades francesas dicen que alrededor de tres mil ciudadanos franceses tienen enlaces con los combatientes extremistas como el &#8220;Estado Isl\u00e1mico&#8221; y el &#8220;Frente al-Nousra\u201d, el brazo de al Qaeda en Siria.<\/span><\/div>\n<div class=\"yj6qo ajU\">\n<div id=\":12n\" class=\"ajR\"><img decoding=\"async\" class=\"ajT\" src=\"https:\/\/ssl.gstatic.com\/ui\/v1\/icons\/mail\/images\/cleardot.gif\" alt=\"\" \/><\/div>\n<div class=\"ajR\">Fady M., Lynn A.<\/div>\n<\/div>\n","protected":false},"excerpt":{"rendered":"<p>Par\u00eds, SANA \u00a0 Cinco personas comparecieron ante los tribunales franceses por cargos de participar en la formaci\u00f3n de una c\u00e9lula para reclutar a j\u00f3venes a fin de enviarlos para luchar junto a los grupos terroristas armados en Siria e Irak. \u00a0 Seg\u00fan la agencia AP, la polic\u00eda francesa hab\u00eda comenzado una investigaci\u00f3n abierta con cinco &hellip;<\/p>\n","protected":false},"author":24,"featured_media":16918,"comment_status":"closed","ping_status":"closed","sticky":false,"template":"","format":"standard","meta":{"footnotes":""},"categories":[456,457],"tags":[3890],"class_list":["post-17168","post","type-post","status-publish","format-standard","has-post-thumbnail","","category-arabe-internacional-politica","category-noticias-arabe-internacional-politica","tag-tribunal-frances-procesa-a-cinco-personas-por-cargos-de-reclutar-jovenes-para-luchar-junto-a-los-terroristas-en-siria"],"_links":{"self":[{"href":"https:\/\/archive.sana.sy\/es\/index.php?rest_route=\/wp\/v2\/posts\/17168"}],"collection":[{"href":"https:\/\/archive.sana.sy\/es\/index.php?rest_route=\/wp\/v2\/posts"}],"about":[{"href":"https:\/\/archive.sana.sy\/es\/index.php?rest_route=\/wp\/v2\/types\/post"}],"author":[{"embeddable":true,"href":"https:\/\/archive.sana.sy\/es\/index.php?rest_route=\/wp\/v2\/users\/24"}],"replies":[{"embeddable":true,"href":"https:\/\/archive.sana.sy\/es\/index.php?rest_route=%2Fwp%2Fv2%2Fcomments&post=17168"}],"version-history":[{"count":0,"href":"https:\/\/archive.sana.sy\/es\/index.php?rest_route=\/wp\/v2\/posts\/17168\/revisions"}],"wp:featuredmedia":[{"embeddable":true,"href":"https:\/\/archive.sana.sy\/es\/index.php?rest_route=\/wp\/v2\/media\/16918"}],"wp:attachment":[{"href":"https:\/\/archive.sana.sy\/es\/index.php?rest_route=%2Fwp%2Fv2%2Fmedia&parent=17168"}],"wp:term":[{"taxonomy":"category","embeddable":true,"href":"https:\/\/archive.sana.sy\/es\/index.php?rest_route=%2Fwp%2Fv2%2Fcategories&post=17168"},{"taxonomy":"post_tag","embeddable":true,"href":"https:\/\/archive.sana.sy\/es\/index.php?rest_route=%2Fwp%2Fv2%2Ftags&post=17168"}],"curies":[{"name":"wp","href":"https:\/\/api.w.org\/{rel}","templated":true}]}}