{"id":171693,"date":"2021-03-06T15:15:38","date_gmt":"2021-03-06T13:15:38","guid":{"rendered":"http:\/\/107.6.182.27\/es\/?p=171693"},"modified":"2021-03-06T16:45:49","modified_gmt":"2021-03-06T14:45:49","slug":"siria-condena-energicamente-sanciones-occidentales-ilegitimas-contra-la-federacion-de-rusia","status":"publish","type":"post","link":"https:\/\/archive.sana.sy\/es\/?p=171693","title":{"rendered":"Siria condena sanciones occidentales contra Rusia y las tacha de ileg\u00edtimas"},"content":{"rendered":"<p style=\"text-align: justify;\"><span style=\"color: #800000;\"><strong>Damasco, SANA<\/strong><\/span><\/p>\n<p style=\"text-align: justify;\">Siria manifest\u00f3 hoy su en\u00e9rgica condena a las medidas coercitivas ileg\u00edtimas adoptadas por EE.UU y la Uni\u00f3n Europea contra Rusia.<\/p>\n<p style=\"text-align: justify;\">\u201cLas mismas contradicen la Ley Internacional y constituyen una violaci\u00f3n flagrante de los asuntos internos rusos\u201d, expres\u00f3 un comunicado oficial emitido por el Ministerio de Exteriores y Expatriados.<\/p>\n<p style=\"text-align: justify;\">La nota agreg\u00f3 que las presiones de Occidente a trav\u00e9s de esas medidas que apuntan a imponer sus pol\u00edticas a otros Estados, est\u00e1n condenadas al fracaso y sol\u00f3 conducir\u00e1n a una escalada de tensiones y crear\u00e1n un ambiente de inestabilidad en la escena internacional.<\/p>\n<p style=\"text-align: justify;\">\u201cLa Republica \u00c1rabe Siria cuyo pueblo sufre del terrorismo econ\u00f3mico debido a las medidas coercitivas ileg\u00edtimas, reitera su plena solidaridad con la amiga Federaci\u00f3n de Rusia frente a la arrogancia y el enfoque hegem\u00f3nico que rige la pol\u00edtica estadounidense y sus herramientas\u201d, remarc\u00f3 canciller\u00eda siria.<\/p>\n<p style=\"text-align: justify;\">Exigi\u00f3 el levantamiento inmediato de tales medidas ilegales y la reconsideraci\u00f3n de la Ley Internacional para mantener la paz y la estabilidad en el mundo.<\/p>\n<p style=\"text-align: justify;\"><span style=\"color: #0000ff;\"><strong>ah\/rsh\/fm<\/strong><\/span><\/p>\n","protected":false},"excerpt":{"rendered":"<p>Damasco, SANA Siria manifest\u00f3 hoy su en\u00e9rgica condena a las medidas coercitivas ileg\u00edtimas adoptadas por EE.UU y la Uni\u00f3n Europea contra Rusia. \u201cLas mismas contradicen la Ley Internacional y constituyen una violaci\u00f3n flagrante de los asuntos internos rusos\u201d, expres\u00f3 un comunicado oficial emitido por el Ministerio de Exteriores y Expatriados. La nota agreg\u00f3 que las &hellip;<\/p>\n","protected":false},"author":30,"featured_media":171694,"comment_status":"closed","ping_status":"closed","sticky":false,"template":"","format":"standard","meta":{"footnotes":""},"categories":[597,456,467,583],"tags":[18880],"class_list":["post-171693","post","type-post","status-publish","format-standard","has-post-thumbnail","","category-cinta-de-noticias","category-arabe-internacional-politica","category-siria-y-el-mundo","category-slide","tag-siria-condena-sanciones-occidentales-contra-rusia-y-las-tacha-de-ilegitimas"],"_links":{"self":[{"href":"https:\/\/archive.sana.sy\/es\/index.php?rest_route=\/wp\/v2\/posts\/171693"}],"collection":[{"href":"https:\/\/archive.sana.sy\/es\/index.php?rest_route=\/wp\/v2\/posts"}],"about":[{"href":"https:\/\/archive.sana.sy\/es\/index.php?rest_route=\/wp\/v2\/types\/post"}],"author":[{"embeddable":true,"href":"https:\/\/archive.sana.sy\/es\/index.php?rest_route=\/wp\/v2\/users\/30"}],"replies":[{"embeddable":true,"href":"https:\/\/archive.sana.sy\/es\/index.php?rest_route=%2Fwp%2Fv2%2Fcomments&post=171693"}],"version-history":[{"count":0,"href":"https:\/\/archive.sana.sy\/es\/index.php?rest_route=\/wp\/v2\/posts\/171693\/revisions"}],"wp:featuredmedia":[{"embeddable":true,"href":"https:\/\/archive.sana.sy\/es\/index.php?rest_route=\/wp\/v2\/media\/171694"}],"wp:attachment":[{"href":"https:\/\/archive.sana.sy\/es\/index.php?rest_route=%2Fwp%2Fv2%2Fmedia&parent=171693"}],"wp:term":[{"taxonomy":"category","embeddable":true,"href":"https:\/\/archive.sana.sy\/es\/index.php?rest_route=%2Fwp%2Fv2%2Fcategories&post=171693"},{"taxonomy":"post_tag","embeddable":true,"href":"https:\/\/archive.sana.sy\/es\/index.php?rest_route=%2Fwp%2Fv2%2Ftags&post=171693"}],"curies":[{"name":"wp","href":"https:\/\/api.w.org\/{rel}","templated":true}]}}