{"id":17170,"date":"2015-01-31T13:48:04","date_gmt":"2015-01-31T11:48:04","guid":{"rendered":"http:\/\/www.sana.sy\/es\/?p=17170"},"modified":"2015-01-31T13:48:04","modified_gmt":"2015-01-31T11:48:04","slug":"ataque-aereo-de-la-coalicion-mata-a-un-experto-en-armas-quimicas-del-ei","status":"publish","type":"post","link":"https:\/\/archive.sana.sy\/es\/?p=17170","title":{"rendered":"Ataque a\u00e9reo de la Coalici\u00f3n mata a un experto en armas qu\u00edmicas del EI"},"content":{"rendered":"<p>Washington, SANA<br \/>\nEl ej\u00e9rcito estadounidense anunci\u00f3 ayer viernes, la muerte del terrorista Abu Malik, un experto en armas qu\u00edmicas en la organizaci\u00f3n terrorista del Estado Isl\u00e1mico (EI), en un ataque a\u00e9reo de la llamada &#8220;coalici\u00f3n internacional&#8221;, cerca de Mosul, en el norte de Irak.<\/p>\n<p>Una declaraci\u00f3n del Comando Central del Ej\u00e9rcito de EE.UU inform\u00f3 que Abu Malik era un experto en armas qu\u00edmicas que se uni\u00f3 a al-Qaeda y luego al Estado Isl\u00e1mico, se\u00f1alando que su muerte limitar\u00eda la capacidad de la organizaci\u00f3n terrorista para fabricar armas qu\u00edmicas y usarlas contra personas inocentes.<\/p>\n<p>Estados Unidos y sus aliados lanzaron ataques a\u00e9reos contra los sitios de los terroristas del EI en Irak y Siria en una acci\u00f3n de propaganda seg\u00fan afirman muchos analistas y observadores.<br \/>\nFady M., Lynn A.<\/p>\n","protected":false},"excerpt":{"rendered":"<p>Washington, SANA El ej\u00e9rcito estadounidense anunci\u00f3 ayer viernes, la muerte del terrorista Abu Malik, un experto en armas qu\u00edmicas en la organizaci\u00f3n terrorista del Estado Isl\u00e1mico (EI), en un ataque a\u00e9reo de la llamada &#8220;coalici\u00f3n internacional&#8221;, cerca de Mosul, en el norte de Irak. Una declaraci\u00f3n del Comando Central del Ej\u00e9rcito de EE.UU inform\u00f3 que &hellip;<\/p>\n","protected":false},"author":24,"featured_media":17171,"comment_status":"closed","ping_status":"closed","sticky":false,"template":"","format":"standard","meta":{"footnotes":""},"categories":[456,457,576],"tags":[3891],"class_list":["post-17170","post","type-post","status-publish","format-standard","has-post-thumbnail","","category-arabe-internacional-politica","category-noticias-arabe-internacional-politica","category-noticias-politicas","tag-ataque-aereo-de-la-coalicion-mata-a-un-experto-en-armas-quimicas-del-ei"],"_links":{"self":[{"href":"https:\/\/archive.sana.sy\/es\/index.php?rest_route=\/wp\/v2\/posts\/17170"}],"collection":[{"href":"https:\/\/archive.sana.sy\/es\/index.php?rest_route=\/wp\/v2\/posts"}],"about":[{"href":"https:\/\/archive.sana.sy\/es\/index.php?rest_route=\/wp\/v2\/types\/post"}],"author":[{"embeddable":true,"href":"https:\/\/archive.sana.sy\/es\/index.php?rest_route=\/wp\/v2\/users\/24"}],"replies":[{"embeddable":true,"href":"https:\/\/archive.sana.sy\/es\/index.php?rest_route=%2Fwp%2Fv2%2Fcomments&post=17170"}],"version-history":[{"count":0,"href":"https:\/\/archive.sana.sy\/es\/index.php?rest_route=\/wp\/v2\/posts\/17170\/revisions"}],"wp:featuredmedia":[{"embeddable":true,"href":"https:\/\/archive.sana.sy\/es\/index.php?rest_route=\/wp\/v2\/media\/17171"}],"wp:attachment":[{"href":"https:\/\/archive.sana.sy\/es\/index.php?rest_route=%2Fwp%2Fv2%2Fmedia&parent=17170"}],"wp:term":[{"taxonomy":"category","embeddable":true,"href":"https:\/\/archive.sana.sy\/es\/index.php?rest_route=%2Fwp%2Fv2%2Fcategories&post=17170"},{"taxonomy":"post_tag","embeddable":true,"href":"https:\/\/archive.sana.sy\/es\/index.php?rest_route=%2Fwp%2Fv2%2Ftags&post=17170"}],"curies":[{"name":"wp","href":"https:\/\/api.w.org\/{rel}","templated":true}]}}