{"id":171707,"date":"2021-03-06T16:26:07","date_gmt":"2021-03-06T14:26:07","guid":{"rendered":"http:\/\/107.6.182.27\/es\/?p=171707"},"modified":"2021-03-06T16:46:57","modified_gmt":"2021-03-06T14:46:57","slug":"conversaciones-sirio-libanesas-sobre-el-retorno-de-los-refugiados-sirio-en-el-libano","status":"publish","type":"post","link":"https:\/\/archive.sana.sy\/es\/?p=171707","title":{"rendered":"Siria y L\u00edbano conversan sobre el retorno de los refugiados sirios en el L\u00edbano"},"content":{"rendered":"<p style=\"text-align: justify;\"><span style=\"color: #800000;\"><strong>Damasco, SANA<\/strong><\/span><\/p>\n<p style=\"text-align: justify;\">El Ministro de Administraci\u00f3n Local y Medio Ambiente, Hussein Makhlouf, examin\u00f3 con el Ministro liban\u00e9s de Asuntos Sociales y Turismo, Ramzi Musharafieh, las v\u00edas de fortalecer la cooperaci\u00f3n para la repatriaci\u00f3n segura y f\u00e1cil de todos los refugiados sirios.<\/p>\n<p style=\"text-align: justify;\">En una declaraci\u00f3n a los periodistas, Makhlouf explic\u00f3 que la visita del titular liban\u00e9s a Siria apunta a completar la coordinaci\u00f3n entre ambos pa\u00edses para abordar la cuesti\u00f3n de los refugiados sirios en el L\u00edbano y garantizar su regreso voluntario, en paralelo con la proporci\u00f3n de todas las facilidades como el transporte, el alojamiento decente y la obtenci\u00f3n de documentos nuevos.<\/p>\n<p style=\"text-align: justify;\">\u201cEl \u00faltimo per\u00edodo atestigu\u00f3 un retorno organizado de refugiados a pesar de las dif\u00edciles circunstancias generadas por el nuevo Coronavirus, adem\u00e1s de las medidas coercitivas unilaterales impuestas por los Estados que apoyan el terrorismo para impedir el regreso de los sirios a su pa\u00eds, lo que afect\u00f3 negativamente el manejo de esta cuesti\u00f3n\u201d, aclar\u00f3.<\/p>\n<p style=\"text-align: justify;\">Por su parte, el ministro Musharafieh se\u00f1al\u00f3 que la coordinaci\u00f3n continuar\u00e1 hasta asegurar el retorno de los refugiados sirios, especialmente a la luz de las dif\u00edciles circunstancias econ\u00f3micas en el L\u00edbano.<\/p>\n<p style=\"text-align: justify;\">Subray\u00f3 que el retorno de la seguridad y la estabilidad a muchas partes del territorio sirio y las facilidades proporcionadas por el Estado alentaron a muchos refugiados a regresar a su patria.<\/p>\n<p style=\"text-align: justify;\"><span style=\"color: #0000ff;\"><strong>ah\/rsh\/fm<\/strong><\/span><\/p>\n","protected":false},"excerpt":{"rendered":"<p>Damasco, SANA El Ministro de Administraci\u00f3n Local y Medio Ambiente, Hussein Makhlouf, examin\u00f3 con el Ministro liban\u00e9s de Asuntos Sociales y Turismo, Ramzi Musharafieh, las v\u00edas de fortalecer la cooperaci\u00f3n para la repatriaci\u00f3n segura y f\u00e1cil de todos los refugiados sirios. En una declaraci\u00f3n a los periodistas, Makhlouf explic\u00f3 que la visita del titular liban\u00e9s &hellip;<\/p>\n","protected":false},"author":30,"featured_media":171708,"comment_status":"closed","ping_status":"closed","sticky":false,"template":"","format":"standard","meta":{"footnotes":""},"categories":[597,467,7541],"tags":[18879],"class_list":["post-171707","post","type-post","status-publish","format-standard","has-post-thumbnail","","category-cinta-de-noticias","category-siria-y-el-mundo","category-ultimas-noticias","tag-conversaciones-sirio-libanesas-sobre-el-retorno-de-los-refugiados-sirio-en-el-libano"],"_links":{"self":[{"href":"https:\/\/archive.sana.sy\/es\/index.php?rest_route=\/wp\/v2\/posts\/171707"}],"collection":[{"href":"https:\/\/archive.sana.sy\/es\/index.php?rest_route=\/wp\/v2\/posts"}],"about":[{"href":"https:\/\/archive.sana.sy\/es\/index.php?rest_route=\/wp\/v2\/types\/post"}],"author":[{"embeddable":true,"href":"https:\/\/archive.sana.sy\/es\/index.php?rest_route=\/wp\/v2\/users\/30"}],"replies":[{"embeddable":true,"href":"https:\/\/archive.sana.sy\/es\/index.php?rest_route=%2Fwp%2Fv2%2Fcomments&post=171707"}],"version-history":[{"count":0,"href":"https:\/\/archive.sana.sy\/es\/index.php?rest_route=\/wp\/v2\/posts\/171707\/revisions"}],"wp:featuredmedia":[{"embeddable":true,"href":"https:\/\/archive.sana.sy\/es\/index.php?rest_route=\/wp\/v2\/media\/171708"}],"wp:attachment":[{"href":"https:\/\/archive.sana.sy\/es\/index.php?rest_route=%2Fwp%2Fv2%2Fmedia&parent=171707"}],"wp:term":[{"taxonomy":"category","embeddable":true,"href":"https:\/\/archive.sana.sy\/es\/index.php?rest_route=%2Fwp%2Fv2%2Fcategories&post=171707"},{"taxonomy":"post_tag","embeddable":true,"href":"https:\/\/archive.sana.sy\/es\/index.php?rest_route=%2Fwp%2Fv2%2Ftags&post=171707"}],"curies":[{"name":"wp","href":"https:\/\/api.w.org\/{rel}","templated":true}]}}