{"id":171730,"date":"2021-03-06T19:10:37","date_gmt":"2021-03-06T17:10:37","guid":{"rendered":"http:\/\/107.6.182.27\/es\/?p=171730"},"modified":"2023-01-10T14:29:51","modified_gmt":"2023-01-10T12:29:51","slug":"siria-y-venezuela-abordan-vias-para-fortalecer-las-relaciones-bilaterales","status":"publish","type":"post","link":"https:\/\/archive.sana.sy\/es\/?p=171730","title":{"rendered":"Siria y Venezuela abordan v\u00edas para fortalecer las relaciones bilaterales"},"content":{"rendered":"<p style=\"text-align: justify;\"><span style=\"color: #800000;\"><strong>Caracas, SANA<\/strong><\/span><\/p>\n<p style=\"text-align: justify;\">El embajador sirio en Venezuela, Khalil Bitar, examin\u00f3 con la Ministra de la Autoridad Popular para el Desarrollo de Minas y Medio Ambiente, Magali Henriguez, las relaciones bilaterales entre los dos pa\u00edses y las formas de desarrollarlas en el campo de la energ\u00eda, el petr\u00f3leo y las minas, teniendo en cuenta las medidas coercitivas unilaterales impuestas a los dos pa\u00edses por las potencias imperialistas.<\/p>\n<p style=\"text-align: justify;\">Durante un encuentro sostenido en la sede de la Embajada de Siria en Caracas, la ministra destac\u00f3 la posibilidad de que empresas y empresarios sirios participen en la inversi\u00f3n en los recursos naturales que abundan en Venezuela.<\/p>\n<p style=\"text-align: justify;\">Por otro lado, el embajador Bitar repas\u00f3 con la Viceministra del Poder Popular para Relaciones Exteriores de Venezuela para Asuntos Multilaterales, Daniela Rodr\u00edguez, las perspectivas de fortalecer y coordinar las posturas entre los dos pa\u00edses en el campo de las relaciones exteriores multilaterales.<\/p>\n<p style=\"text-align: justify;\">Las dos partes destacaron que Siria y Venezuela se empe\u00f1an para fortalecer las posiciones comunes en defensa de los intereses de los dos pa\u00edses y de los principios y objetivos de la Carta de Naciones Unidas tales como soberan\u00eda pol\u00edtica, independencia y la no injerencia en los asuntos internos.<\/p>\n<p style=\"text-align: justify;\">Asimismo, se hizo \u00e9nfasis en las estrechas relaciones entre los dos pa\u00edses y el empe\u00f1o para superar los obst\u00e1culos impuestos por Estados Unidos y sus aliados en el camino del desarrollo de las relaciones pol\u00edticas y econ\u00f3micas entre los pa\u00edses en v\u00eda de desarrollo.<\/p>\n<p style=\"text-align: justify;\"><span style=\"color: #0000ff;\"><strong>fm<\/strong><\/span><\/p>\n","protected":false},"excerpt":{"rendered":"<p>Caracas, SANA El embajador sirio en Venezuela, Khalil Bitar, examin\u00f3 con la Ministra de la Autoridad Popular para el Desarrollo de Minas y Medio Ambiente, Magali Henriguez, las relaciones bilaterales entre los dos pa\u00edses y las formas de desarrollarlas en el campo de la energ\u00eda, el petr\u00f3leo y las minas, teniendo en cuenta las medidas &hellip;<\/p>\n","protected":false},"author":34,"featured_media":171731,"comment_status":"closed","ping_status":"closed","sticky":false,"template":"","format":"standard","meta":{"footnotes":""},"categories":[477,447,597,467,7541],"tags":[],"class_list":["post-171730","post","type-post","status-publish","format-standard","has-post-thumbnail","","category-noticias-edulcorantes","category-local-politica","category-cinta-de-noticias","category-siria-y-el-mundo","category-ultimas-noticias"],"_links":{"self":[{"href":"https:\/\/archive.sana.sy\/es\/index.php?rest_route=\/wp\/v2\/posts\/171730"}],"collection":[{"href":"https:\/\/archive.sana.sy\/es\/index.php?rest_route=\/wp\/v2\/posts"}],"about":[{"href":"https:\/\/archive.sana.sy\/es\/index.php?rest_route=\/wp\/v2\/types\/post"}],"author":[{"embeddable":true,"href":"https:\/\/archive.sana.sy\/es\/index.php?rest_route=\/wp\/v2\/users\/34"}],"replies":[{"embeddable":true,"href":"https:\/\/archive.sana.sy\/es\/index.php?rest_route=%2Fwp%2Fv2%2Fcomments&post=171730"}],"version-history":[{"count":0,"href":"https:\/\/archive.sana.sy\/es\/index.php?rest_route=\/wp\/v2\/posts\/171730\/revisions"}],"wp:featuredmedia":[{"embeddable":true,"href":"https:\/\/archive.sana.sy\/es\/index.php?rest_route=\/wp\/v2\/media\/171731"}],"wp:attachment":[{"href":"https:\/\/archive.sana.sy\/es\/index.php?rest_route=%2Fwp%2Fv2%2Fmedia&parent=171730"}],"wp:term":[{"taxonomy":"category","embeddable":true,"href":"https:\/\/archive.sana.sy\/es\/index.php?rest_route=%2Fwp%2Fv2%2Fcategories&post=171730"},{"taxonomy":"post_tag","embeddable":true,"href":"https:\/\/archive.sana.sy\/es\/index.php?rest_route=%2Fwp%2Fv2%2Ftags&post=171730"}],"curies":[{"name":"wp","href":"https:\/\/api.w.org\/{rel}","templated":true}]}}