{"id":171738,"date":"2021-03-06T19:40:08","date_gmt":"2021-03-06T17:40:08","guid":{"rendered":"http:\/\/107.6.182.27\/es\/?p=171738"},"modified":"2023-01-10T14:29:51","modified_gmt":"2023-01-10T12:29:51","slug":"mekdad-siria-acoge-el-retorno-de-todos-los-refugiados-y-algunos-paises-deben-dejar-de-politizar-este-expediente","status":"publish","type":"post","link":"https:\/\/archive.sana.sy\/es\/?p=171738","title":{"rendered":"Mekdad: Siria acoge el retorno de todos los refugiados y algunos pa\u00edses deben dejar de politizar este expediente"},"content":{"rendered":"<p style=\"text-align: justify;\"><span style=\"color: #800000;\"><strong>Damasco, SANA<\/strong><\/span><\/p>\n<p style=\"text-align: justify;\">El ministro de Exteriores y Expatriados, Faisal Mekdad, recibi\u00f3 hoy en la sede del canciller\u00eda siria a Ramzi Musharrafia, el Ministro de Asuntos Sociales y Turismo del gobierno interino liban\u00e9s.<\/p>\n<p style=\"text-align: justify;\">Las conversaciones sostenidas abordaron las formas para mejorar la cooperaci\u00f3n para el regreso de todos refugiados sirios a su pa\u00eds de forma voluntaria, segura y f\u00e1cil.<\/p>\n<p style=\"text-align: justify;\">Las dos partes consideraron que la visita del ministro liban\u00e9s a Siria es una continuaci\u00f3n de la cooperaci\u00f3n para solucionar la cuesti\u00f3n de los refugiados sirios en el L\u00edbano, asegurar su regreso de forma voluntaria y crear condiciones que faciliten y alienten este retorno.<\/p>\n<p style=\"text-align: justify;\">El canciller sirio opin\u00f3 que Siria acoge bien el retorno de todos los refugiados a su tierra natal y est\u00e1 tomando todas las medidas y facilidades que ayudan a crear condiciones que garanticen un regreso seguro.<\/p>\n<p style=\"text-align: justify;\">Denunci\u00f3 que algunos pa\u00edses occidentales tratan el expediente de los refugiados de manera politizada, apoy\u00e1ndose en la desinformaci\u00f3n y distorsionando los hechos y ejerciendo presiones sobre los pa\u00edses que acogen los refugiados.<\/p>\n<p style=\"text-align: justify;\">Por su parte, el titular liban\u00e9s indic\u00f3 que las apremiantes condiciones en las que viven L\u00edbano y Siria ante la propagaci\u00f3n de la pandemia Covid 19 y las dif\u00edciles condiciones econ\u00f3micas hacen de este expediente sea una prioridad y expres\u00f3 su esperanza de avanzar en este camino.<\/p>\n<p style=\"text-align: justify;\">Las dos partes acordaron emprender esfuerzos conjuntos para alentar a los refugiados a regresar a su pa\u00eds y exigir a las organizaciones internacionales que no pongan ning\u00fan obst\u00e1culo ante el regreso seguro y voluntario de esos refugiados a sus ciudades y pueblos.<\/p>\n<p style=\"text-align: justify;\"><span style=\"color: #0000ff;\"><strong>fm<\/strong><\/span><\/p>\n","protected":false},"excerpt":{"rendered":"<p>Damasco, SANA El ministro de Exteriores y Expatriados, Faisal Mekdad, recibi\u00f3 hoy en la sede del canciller\u00eda siria a Ramzi Musharrafia, el Ministro de Asuntos Sociales y Turismo del gobierno interino liban\u00e9s. Las conversaciones sostenidas abordaron las formas para mejorar la cooperaci\u00f3n para el regreso de todos refugiados sirios a su pa\u00eds de forma voluntaria, &hellip;<\/p>\n","protected":false},"author":34,"featured_media":171741,"comment_status":"closed","ping_status":"closed","sticky":false,"template":"","format":"standard","meta":{"footnotes":""},"categories":[477,447,597,476,583,1],"tags":[],"class_list":["post-171738","post","type-post","status-publish","format-standard","has-post-thumbnail","","category-noticias-edulcorantes","category-local-politica","category-cinta-de-noticias","category-locales","category-slide","category-news-not-sorted"],"_links":{"self":[{"href":"https:\/\/archive.sana.sy\/es\/index.php?rest_route=\/wp\/v2\/posts\/171738"}],"collection":[{"href":"https:\/\/archive.sana.sy\/es\/index.php?rest_route=\/wp\/v2\/posts"}],"about":[{"href":"https:\/\/archive.sana.sy\/es\/index.php?rest_route=\/wp\/v2\/types\/post"}],"author":[{"embeddable":true,"href":"https:\/\/archive.sana.sy\/es\/index.php?rest_route=\/wp\/v2\/users\/34"}],"replies":[{"embeddable":true,"href":"https:\/\/archive.sana.sy\/es\/index.php?rest_route=%2Fwp%2Fv2%2Fcomments&post=171738"}],"version-history":[{"count":0,"href":"https:\/\/archive.sana.sy\/es\/index.php?rest_route=\/wp\/v2\/posts\/171738\/revisions"}],"wp:featuredmedia":[{"embeddable":true,"href":"https:\/\/archive.sana.sy\/es\/index.php?rest_route=\/wp\/v2\/media\/171741"}],"wp:attachment":[{"href":"https:\/\/archive.sana.sy\/es\/index.php?rest_route=%2Fwp%2Fv2%2Fmedia&parent=171738"}],"wp:term":[{"taxonomy":"category","embeddable":true,"href":"https:\/\/archive.sana.sy\/es\/index.php?rest_route=%2Fwp%2Fv2%2Fcategories&post=171738"},{"taxonomy":"post_tag","embeddable":true,"href":"https:\/\/archive.sana.sy\/es\/index.php?rest_route=%2Fwp%2Fv2%2Ftags&post=171738"}],"curies":[{"name":"wp","href":"https:\/\/api.w.org\/{rel}","templated":true}]}}