{"id":171748,"date":"2021-03-06T21:41:00","date_gmt":"2021-03-06T19:41:00","guid":{"rendered":"http:\/\/107.6.182.27\/es\/?p=171748"},"modified":"2023-01-12T14:41:52","modified_gmt":"2023-01-12T12:41:52","slug":"tropas-estadounidenses-en-la-region-crean-caos-afirma-rohani","status":"publish","type":"post","link":"https:\/\/archive.sana.sy\/es\/?p=171748","title":{"rendered":"Tropas estadounidenses en la regi\u00f3n crean caos, afirma Rohani"},"content":{"rendered":"<p style=\"text-align: justify;\"><span style=\"color: #800000;\">Teher\u00e1n, SANA<\/span><\/p>\n<p style=\"text-align: justify;\">La presencia de fuerzas estadounidenses en la regi\u00f3n crea caos e inseguridad, afirm\u00f3 hoy el presidente iran\u00ed, Hassan Rohani, citado por la agencia iran\u00ed de noticias IRNA.<\/p>\n<p style=\"text-align: justify;\">Esa postura del mandatario iran\u00ed fue expresada en una conversaci\u00f3n telef\u00f3nica con el primer ministro iraqu\u00ed, Mustafa Al-Kazemi.<\/p>\n<p style=\"text-align: justify;\">Se\u00f1al\u00f3 que acelerar la ejecuci\u00f3n de la decisi\u00f3n del Parlamento iraqu\u00ed relativa a sacar a las tropas estadounidenses contribuir\u00eda a fortalecer la paz y la estabilidad en Iraq.<\/p>\n<p style=\"text-align: justify;\">Tambi\u00e9n, expres\u00f3 la disposici\u00f3n de su pa\u00eds a cooperar con los pa\u00edses de la regi\u00f3n en la promoci\u00f3n de la paz y la seguridad regionales.<\/p>\n<p style=\"text-align: justify;\">&#8220;Nos oponemos a cualquier injerencia extranjera en los asuntos internos de Iraq, ya que perjudica los intereses de este pa\u00eds y la regi\u00f3n&#8221;, agreg\u00f3 el presidente.<\/p>\n<p style=\"text-align: justify;\">Indic\u00f3 que la seguridad, la paz y la estabilidad en Iraq se encuentran entre las prioridades de la pol\u00edtica iran\u00ed.<\/p>\n<p style=\"text-align: justify;\">En enero del a\u00f1o pasado, el Parlamento iraqu\u00ed aprob\u00f3 por mayor\u00eda absoluta una resoluci\u00f3n vinculante para el gobierno iraqu\u00ed para poner fin a la presencia extranjera en el pa\u00eds.<\/p>\n<p><span style=\"color: #0000ff;\">rr\/fm<\/span><\/p>\n","protected":false},"excerpt":{"rendered":"<p>Teher\u00e1n, SANA La presencia de fuerzas estadounidenses en la regi\u00f3n crea caos e inseguridad, afirm\u00f3 hoy el presidente iran\u00ed, Hassan Rohani, citado por la agencia iran\u00ed de noticias IRNA. Esa postura del mandatario iran\u00ed fue expresada en una conversaci\u00f3n telef\u00f3nica con el primer ministro iraqu\u00ed, Mustafa Al-Kazemi. Se\u00f1al\u00f3 que acelerar la ejecuci\u00f3n de la decisi\u00f3n &hellip;<\/p>\n","protected":false},"author":31,"featured_media":171749,"comment_status":"closed","ping_status":"closed","sticky":false,"template":"","format":"standard","meta":{"footnotes":""},"categories":[456],"tags":[],"class_list":["post-171748","post","type-post","status-publish","format-standard","has-post-thumbnail","","category-arabe-internacional-politica"],"_links":{"self":[{"href":"https:\/\/archive.sana.sy\/es\/index.php?rest_route=\/wp\/v2\/posts\/171748"}],"collection":[{"href":"https:\/\/archive.sana.sy\/es\/index.php?rest_route=\/wp\/v2\/posts"}],"about":[{"href":"https:\/\/archive.sana.sy\/es\/index.php?rest_route=\/wp\/v2\/types\/post"}],"author":[{"embeddable":true,"href":"https:\/\/archive.sana.sy\/es\/index.php?rest_route=\/wp\/v2\/users\/31"}],"replies":[{"embeddable":true,"href":"https:\/\/archive.sana.sy\/es\/index.php?rest_route=%2Fwp%2Fv2%2Fcomments&post=171748"}],"version-history":[{"count":0,"href":"https:\/\/archive.sana.sy\/es\/index.php?rest_route=\/wp\/v2\/posts\/171748\/revisions"}],"wp:featuredmedia":[{"embeddable":true,"href":"https:\/\/archive.sana.sy\/es\/index.php?rest_route=\/wp\/v2\/media\/171749"}],"wp:attachment":[{"href":"https:\/\/archive.sana.sy\/es\/index.php?rest_route=%2Fwp%2Fv2%2Fmedia&parent=171748"}],"wp:term":[{"taxonomy":"category","embeddable":true,"href":"https:\/\/archive.sana.sy\/es\/index.php?rest_route=%2Fwp%2Fv2%2Fcategories&post=171748"},{"taxonomy":"post_tag","embeddable":true,"href":"https:\/\/archive.sana.sy\/es\/index.php?rest_route=%2Fwp%2Fv2%2Ftags&post=171748"}],"curies":[{"name":"wp","href":"https:\/\/api.w.org\/{rel}","templated":true}]}}