{"id":171753,"date":"2021-03-06T23:15:59","date_gmt":"2021-03-06T21:15:59","guid":{"rendered":"http:\/\/107.6.182.27\/es\/?p=171753"},"modified":"2023-01-10T14:29:50","modified_gmt":"2023-01-10T12:29:50","slug":"protesta-en-el-golan-contra-el-plan-sionista-de-instalar-turbinas-eolicas","status":"publish","type":"post","link":"https:\/\/archive.sana.sy\/es\/?p=171753","title":{"rendered":"Protesta en el Gol\u00e1n contra el plan sionista de instalar turbinas e\u00f3licas"},"content":{"rendered":"<p style=\"text-align: justify;\"><span style=\"color: #800000;\"><strong>Gol\u00e1n sirio ocupado, SANA<\/strong><\/span><\/p>\n<p style=\"text-align: justify;\">La poblaci\u00f3n del Gol\u00e1n sirio ocupado protest\u00f3 hoy contra el plan de ocupaci\u00f3n israel\u00ed de instalar turbinas e\u00f3licas en sus tierras agr\u00edcolas.<\/p>\n<p style=\"text-align: justify;\">Los manifestantes que se congregaron en la aldea ocupada de Masada, ratificaron su apego a la identidad \u00e1rabe siria y reafirmaron que no renunciar\u00e1n ni un granito de sus tierras y que las defender\u00e1n sean cuales sean los sacrificios.<\/p>\n<p style=\"text-align: justify;\">Destacaron que los proyectos de judaizaci\u00f3n de las autoridades de ocupaci\u00f3n israel\u00edes no pasar\u00e1n y que seguir\u00e1n enfrentando este proyecto hasta frustrarlo tal como lo hicieron en decenas de proyectos anteriores.<\/p>\n<p style=\"text-align: justify;\">El plan busca establecer 52 turbinas e\u00f3licas y confiscar 600 hect\u00e1reas de tierras de los golaneses.<\/p>\n<p style=\"text-align: justify;\"><span style=\"color: #0000ff;\"><strong>fm<\/strong><\/span><\/p>\n","protected":false},"excerpt":{"rendered":"<p>Gol\u00e1n sirio ocupado, SANA La poblaci\u00f3n del Gol\u00e1n sirio ocupado protest\u00f3 hoy contra el plan de ocupaci\u00f3n israel\u00ed de instalar turbinas e\u00f3licas en sus tierras agr\u00edcolas. Los manifestantes que se congregaron en la aldea ocupada de Masada, ratificaron su apego a la identidad \u00e1rabe siria y reafirmaron que no renunciar\u00e1n ni un granito de sus &hellip;<\/p>\n","protected":false},"author":34,"featured_media":171754,"comment_status":"closed","ping_status":"closed","sticky":false,"template":"","format":"standard","meta":{"footnotes":""},"categories":[447,477,597,476,457,7541],"tags":[],"class_list":["post-171753","post","type-post","status-publish","format-standard","has-post-thumbnail","","category-local-politica","category-noticias-edulcorantes","category-cinta-de-noticias","category-locales","category-noticias-arabe-internacional-politica","category-ultimas-noticias"],"_links":{"self":[{"href":"https:\/\/archive.sana.sy\/es\/index.php?rest_route=\/wp\/v2\/posts\/171753"}],"collection":[{"href":"https:\/\/archive.sana.sy\/es\/index.php?rest_route=\/wp\/v2\/posts"}],"about":[{"href":"https:\/\/archive.sana.sy\/es\/index.php?rest_route=\/wp\/v2\/types\/post"}],"author":[{"embeddable":true,"href":"https:\/\/archive.sana.sy\/es\/index.php?rest_route=\/wp\/v2\/users\/34"}],"replies":[{"embeddable":true,"href":"https:\/\/archive.sana.sy\/es\/index.php?rest_route=%2Fwp%2Fv2%2Fcomments&post=171753"}],"version-history":[{"count":0,"href":"https:\/\/archive.sana.sy\/es\/index.php?rest_route=\/wp\/v2\/posts\/171753\/revisions"}],"wp:featuredmedia":[{"embeddable":true,"href":"https:\/\/archive.sana.sy\/es\/index.php?rest_route=\/wp\/v2\/media\/171754"}],"wp:attachment":[{"href":"https:\/\/archive.sana.sy\/es\/index.php?rest_route=%2Fwp%2Fv2%2Fmedia&parent=171753"}],"wp:term":[{"taxonomy":"category","embeddable":true,"href":"https:\/\/archive.sana.sy\/es\/index.php?rest_route=%2Fwp%2Fv2%2Fcategories&post=171753"},{"taxonomy":"post_tag","embeddable":true,"href":"https:\/\/archive.sana.sy\/es\/index.php?rest_route=%2Fwp%2Fv2%2Ftags&post=171753"}],"curies":[{"name":"wp","href":"https:\/\/api.w.org\/{rel}","templated":true}]}}