{"id":171854,"date":"2021-03-07T20:03:18","date_gmt":"2021-03-07T18:03:18","guid":{"rendered":"http:\/\/107.6.182.27\/es\/?p=171854"},"modified":"2021-03-07T20:03:18","modified_gmt":"2021-03-07T18:03:18","slug":"estudiantes-sirios-en-eslovaquia-ratifican-su-apego-a-la-patria","status":"publish","type":"post","link":"https:\/\/archive.sana.sy\/es\/?p=171854","title":{"rendered":"Estudiantes sirios en Eslovaquia ratifican su apego a la patria"},"content":{"rendered":"<p style=\"text-align: justify;\"><span style=\"color: #800000;\"><strong>Bratislava, SANA<\/strong><\/span><\/p>\n<p style=\"text-align: justify;\">Los estudiantes sirios en Eslovaquia reafirmaron su apoyo a la patria frente a las conspiraciones y el terrorismo y, ratificaron su compromiso de alcanzar la excelencia cient\u00edfica para contribuir a la reconstrucci\u00f3n.<\/p>\n<p style=\"text-align: justify;\">Por novito del 58\u00ba aniversario de la Revoluci\u00f3n del 8 de marzo, los estudiantes subrayaron su confianza en la victoria de Siria sobre sus enemigos gracias a la firmeza y cohesi\u00f3n del pueblo, el ej\u00e9rcito y el liderazgo.<\/p>\n<p style=\"text-align: justify;\">Los estudiantes se\u00f1alaron las conquistas de la Revoluci\u00f3n del 8 de marzo, que contin\u00faa con sus logros sirviendo a los retos del presente y las aspiraciones del pueblo de construir una Siria renovada.<\/p>\n<p style=\"text-align: justify;\"><span style=\"color: #0000ff;\">ah\/rsh<\/span><\/p>\n","protected":false},"excerpt":{"rendered":"<p>Bratislava, SANA Los estudiantes sirios en Eslovaquia reafirmaron su apoyo a la patria frente a las conspiraciones y el terrorismo y, ratificaron su compromiso de alcanzar la excelencia cient\u00edfica para contribuir a la reconstrucci\u00f3n. Por novito del 58\u00ba aniversario de la Revoluci\u00f3n del 8 de marzo, los estudiantes subrayaron su confianza en la victoria de &hellip;<\/p>\n","protected":false},"author":30,"featured_media":171855,"comment_status":"closed","ping_status":"closed","sticky":false,"template":"","format":"standard","meta":{"footnotes":""},"categories":[597,467,7541],"tags":[18883],"class_list":["post-171854","post","type-post","status-publish","format-standard","has-post-thumbnail","","category-cinta-de-noticias","category-siria-y-el-mundo","category-ultimas-noticias","tag-estudiantes-sirios-en-eslovaquia-ratifican-su-apego-a-la-patria"],"_links":{"self":[{"href":"https:\/\/archive.sana.sy\/es\/index.php?rest_route=\/wp\/v2\/posts\/171854"}],"collection":[{"href":"https:\/\/archive.sana.sy\/es\/index.php?rest_route=\/wp\/v2\/posts"}],"about":[{"href":"https:\/\/archive.sana.sy\/es\/index.php?rest_route=\/wp\/v2\/types\/post"}],"author":[{"embeddable":true,"href":"https:\/\/archive.sana.sy\/es\/index.php?rest_route=\/wp\/v2\/users\/30"}],"replies":[{"embeddable":true,"href":"https:\/\/archive.sana.sy\/es\/index.php?rest_route=%2Fwp%2Fv2%2Fcomments&post=171854"}],"version-history":[{"count":0,"href":"https:\/\/archive.sana.sy\/es\/index.php?rest_route=\/wp\/v2\/posts\/171854\/revisions"}],"wp:featuredmedia":[{"embeddable":true,"href":"https:\/\/archive.sana.sy\/es\/index.php?rest_route=\/wp\/v2\/media\/171855"}],"wp:attachment":[{"href":"https:\/\/archive.sana.sy\/es\/index.php?rest_route=%2Fwp%2Fv2%2Fmedia&parent=171854"}],"wp:term":[{"taxonomy":"category","embeddable":true,"href":"https:\/\/archive.sana.sy\/es\/index.php?rest_route=%2Fwp%2Fv2%2Fcategories&post=171854"},{"taxonomy":"post_tag","embeddable":true,"href":"https:\/\/archive.sana.sy\/es\/index.php?rest_route=%2Fwp%2Fv2%2Ftags&post=171854"}],"curies":[{"name":"wp","href":"https:\/\/api.w.org\/{rel}","templated":true}]}}