{"id":172006,"date":"2021-03-08T14:34:42","date_gmt":"2021-03-08T12:34:42","guid":{"rendered":"http:\/\/107.6.182.27\/es\/?p=172006"},"modified":"2021-03-08T14:36:24","modified_gmt":"2021-03-08T12:36:24","slug":"presidente-al-assad-y-la-sra-asma-al-assad-dan-positivo-al-covid-19","status":"publish","type":"post","link":"https:\/\/archive.sana.sy\/es\/?p=172006","title":{"rendered":"Presidente Al-Assad y la Sra. Asma Al-Assad dan positivo al Covid-19"},"content":{"rendered":"<p style=\"text-align: justify;\"><span style=\"color: #800000;\"><strong>Damasco, SANA<\/strong><\/span><\/p>\n<p style=\"text-align: justify;\">La Presidencia de la Rep\u00fablica \u00c1rabe Siria anunci\u00f3 hoy que el presidente Bashar Al-Assad y la Sra. Asma Al-Assad est\u00e1n infectados con el nuevo Coronavirus, y que su estado de salud es estable.<\/p>\n<p style=\"text-align: justify;\">La p\u00e1gina de Facebook de la Presidencia de la Rep\u00fablica public\u00f3: \u201cTras sentir s\u00edntomas leves similares a los de la infecci\u00f3n por el Covid-19, el presidente Bashar Al-Assad y la se\u00f1ora Asma Al-Assad realizaron un examen de PCR, y el resultado mostr\u00f3 que est\u00e1n infectados con el virus\u201d.<\/p>\n<p style=\"text-align: justify;\">Agreg\u00f3 que ambos se encuentran en buen estado de salud y en condici\u00f3n estable, y continuar\u00e1n su trabajo durante el per\u00edodo de cuarentena domiciliaria que durar\u00e1 hasta dos o tres semanas.<\/p>\n<p style=\"text-align: justify;\">\u201cEl presidente Al-Assad y la Sra. Asma deseando salud y bienestar para todos los sirios y todos los pueblos del mundo y piden a todos los sirios que contin\u00faen tomando precauciones y medidas preventivas tanto como sea posible\u201d, agreg\u00f3 la publicaci\u00f3n en facebook.<\/p>\n<p style=\"text-align: justify;\">Asimismo, saludaron a todo el personal m\u00e9dico que trabaja en las primeras l\u00edneas para enfrentar el virus y reducir sus efectos en los infectados.<\/p>\n<p style=\"text-align: justify;\"><strong><span style=\"color: #0000ff;\">fm\/ed<\/span><\/strong><\/p>\n","protected":false},"excerpt":{"rendered":"<p>Damasco, SANA La Presidencia de la Rep\u00fablica \u00c1rabe Siria anunci\u00f3 hoy que el presidente Bashar Al-Assad y la Sra. Asma Al-Assad est\u00e1n infectados con el nuevo Coronavirus, y que su estado de salud es estable. La p\u00e1gina de Facebook de la Presidencia de la Rep\u00fablica public\u00f3: \u201cTras sentir s\u00edntomas leves similares a los de la &hellip;<\/p>\n","protected":false},"author":32,"featured_media":172009,"comment_status":"closed","ping_status":"closed","sticky":false,"template":"","format":"standard","meta":{"footnotes":""},"categories":[597,16237,583],"tags":[],"class_list":["post-172006","post","type-post","status-publish","format-standard","has-post-thumbnail","","category-cinta-de-noticias","category-presidence-de-la-republique-arabe-syria","category-slide"],"_links":{"self":[{"href":"https:\/\/archive.sana.sy\/es\/index.php?rest_route=\/wp\/v2\/posts\/172006"}],"collection":[{"href":"https:\/\/archive.sana.sy\/es\/index.php?rest_route=\/wp\/v2\/posts"}],"about":[{"href":"https:\/\/archive.sana.sy\/es\/index.php?rest_route=\/wp\/v2\/types\/post"}],"author":[{"embeddable":true,"href":"https:\/\/archive.sana.sy\/es\/index.php?rest_route=\/wp\/v2\/users\/32"}],"replies":[{"embeddable":true,"href":"https:\/\/archive.sana.sy\/es\/index.php?rest_route=%2Fwp%2Fv2%2Fcomments&post=172006"}],"version-history":[{"count":0,"href":"https:\/\/archive.sana.sy\/es\/index.php?rest_route=\/wp\/v2\/posts\/172006\/revisions"}],"wp:featuredmedia":[{"embeddable":true,"href":"https:\/\/archive.sana.sy\/es\/index.php?rest_route=\/wp\/v2\/media\/172009"}],"wp:attachment":[{"href":"https:\/\/archive.sana.sy\/es\/index.php?rest_route=%2Fwp%2Fv2%2Fmedia&parent=172006"}],"wp:term":[{"taxonomy":"category","embeddable":true,"href":"https:\/\/archive.sana.sy\/es\/index.php?rest_route=%2Fwp%2Fv2%2Fcategories&post=172006"},{"taxonomy":"post_tag","embeddable":true,"href":"https:\/\/archive.sana.sy\/es\/index.php?rest_route=%2Fwp%2Fv2%2Ftags&post=172006"}],"curies":[{"name":"wp","href":"https:\/\/api.w.org\/{rel}","templated":true}]}}